{"id":106812,"date":"2018-06-05T15:48:31","date_gmt":"2018-06-05T18:48:31","guid":{"rendered":"http:\/\/diarioregionaljf.com.br\/?p=106812"},"modified":"2018-06-05T15:48:31","modified_gmt":"2018-06-05T18:48:31","slug":"infraero-afirma-que-situacao-de-aeroportos-no-pais-esta-normalizada","status":"publish","type":"post","link":"https:\/\/diarioregionaldigital.com.br\/?p=106812","title":{"rendered":"Infraero afirma que situa\u00e7\u00e3o de aeroportos no pa\u00eds est\u00e1 normalizada"},"content":{"rendered":"<p>Os 54 aeroportos administrados pela Empresa Brasileira de Infraestrutura Aeroportu\u00e1ria (Infraero) j\u00e1 est\u00e3o com o abastecimento de combust\u00edvel de avia\u00e7\u00e3o estabilizado. De acordo com a Infraero, a \u00fanica exce\u00e7\u00e3o \u00e9 o Aeroporto Prot\u00e1sio de Oliveira, em Bel\u00e9m, que ainda aguarda a chegada de combust\u00edvel, o que deve ser resolvido nas pr\u00f3ximas horas.<\/p>\n<p>&nbsp;<\/p>\n<p>A normaliza\u00e7\u00e3o dos aeroportos, ap\u00f3s os protestos de caminhoneiros nas estradas do pa\u00eds, foi confirmada tamb\u00e9m pela Associa\u00e7\u00e3o Brasileira das Empresas A\u00e9reas (Abear). Segundo a entidade, os voos tamb\u00e9m j\u00e1 foram normalizados, e os atrasos e cancelamentos est\u00e3o dentro do esperado para o per\u00edodo.<\/p>\n<p>&nbsp;<\/p>\n<p>Em nota, a Infraero informou que est\u00e1 mantendo contato com \u00f3rg\u00e3os p\u00fablicos ligados ao setor a\u00e9reo, de forma a garantir a chegada de caminh\u00f5es tanques nos aeroportos por ela administrados.<\/p>\n<p>&nbsp;<\/p>\n<p>Apesar da melhora da situa\u00e7\u00e3o, a empresa mant\u00e9m a recomenda\u00e7\u00e3o para que os passageiros procurem sua companhia a\u00e9rea antes de se dirigir aos aeroportos, para se informar sobre a situa\u00e7\u00e3o dos voos, j\u00e1 que pode ocorrer algum ajuste na programa\u00e7\u00e3o de voos.<\/p>\n<p>&nbsp;<\/p>\n<p>Fonte: Ag\u00eancia Brasil<\/p>\n","protected":false},"excerpt":{"rendered":"<p>Os 54 aeroportos administrados pela Empresa Brasileira de Infraestrutura Aeroportu\u00e1ria (Infraero) j\u00e1 est\u00e3o com o abastecimento de combust\u00edvel de avia\u00e7\u00e3o estabilizado. De acordo com a Infraero, a \u00fanica exce\u00e7\u00e3o \u00e9 o Aeroporto Prot\u00e1sio de Oliveira, em Bel\u00e9m, que ainda aguarda a chegada de combust\u00edvel, o que deve ser resolvido nas pr\u00f3ximas horas. &nbsp; A normaliza\u00e7\u00e3o [&hellip;]<\/p>\n","protected":false},"author":96,"featured_media":106814,"comment_status":"closed","ping_status":"closed","sticky":false,"template":"","format":"standard","meta":{"footnotes":""},"categories":[261,439],"tags":[],"class_list":["post-106812","post","type-post","status-publish","format-standard","has-post-thumbnail","hentry","category-economia","category-ultima-hora"],"_links":{"self":[{"href":"https:\/\/diarioregionaldigital.com.br\/index.php?rest_route=\/wp\/v2\/posts\/106812","targetHints":{"allow":["GET"]}}],"collection":[{"href":"https:\/\/diarioregionaldigital.com.br\/index.php?rest_route=\/wp\/v2\/posts"}],"about":[{"href":"https:\/\/diarioregionaldigital.com.br\/index.php?rest_route=\/wp\/v2\/types\/post"}],"author":[{"embeddable":true,"href":"https:\/\/diarioregionaldigital.com.br\/index.php?rest_route=\/wp\/v2\/users\/96"}],"replies":[{"embeddable":true,"href":"https:\/\/diarioregionaldigital.com.br\/index.php?rest_route=%2Fwp%2Fv2%2Fcomments&post=106812"}],"version-history":[{"count":0,"href":"https:\/\/diarioregionaldigital.com.br\/index.php?rest_route=\/wp\/v2\/posts\/106812\/revisions"}],"wp:featuredmedia":[{"embeddable":true,"href":"https:\/\/diarioregionaldigital.com.br\/index.php?rest_route=\/wp\/v2\/media\/106814"}],"wp:attachment":[{"href":"https:\/\/diarioregionaldigital.com.br\/index.php?rest_route=%2Fwp%2Fv2%2Fmedia&parent=106812"}],"wp:term":[{"taxonomy":"category","embeddable":true,"href":"https:\/\/diarioregionaldigital.com.br\/index.php?rest_route=%2Fwp%2Fv2%2Fcategories&post=106812"},{"taxonomy":"post_tag","embeddable":true,"href":"https:\/\/diarioregionaldigital.com.br\/index.php?rest_route=%2Fwp%2Fv2%2Ftags&post=106812"}],"curies":[{"name":"wp","href":"https:\/\/api.w.org\/{rel}","templated":true}]}}