{"id":106806,"date":"2018-06-05T14:05:41","date_gmt":"2018-06-05T17:05:41","guid":{"rendered":"http:\/\/diarioregionaljf.com.br\/?p=106806"},"modified":"2018-06-05T14:14:13","modified_gmt":"2018-06-05T17:14:13","slug":"leite-pode-entrar-na-politica-de-garantia-de-preco-minimo","status":"publish","type":"post","link":"https:\/\/diarioregionaldigital.com.br\/?p=106806","title":{"rendered":"Leite pode entrar na pol\u00edtica de garantia de pre\u00e7o m\u00ednimo"},"content":{"rendered":"<p>O leite poder\u00e1 entrar na lista de produtos amparados pela Pol\u00edtica de Garantia de Pre\u00e7os M\u00ednimos (PGPM). A medida beneficia os produtores rurais, sobretudo os pequenos e m\u00e9dios, que tendem a sofrer mais financeiramente com as oscila\u00e7\u00f5es de pre\u00e7o do mercado.<\/p>\n<p>O texto do Projeto de Lei Complementar (PLC) 215\/2015) foi aprovado nesta ter\u00e7a-feira (5) pela Comiss\u00e3o de Assuntos Econ\u00f4micos (CAE) do Senado e segue para o plen\u00e1rio da Casa com pedido de urg\u00eancia na vota\u00e7\u00e3o.<\/p>\n<p>O relator na comiss\u00e3o, senador Waldemir Moka (MDB-MS), ressaltou que a Me.<\/p>\n<p>Caso seja inserido na PGPM, o leite poder\u00e1 ter um valor m\u00ednimo de compra estabelecido pelo governo. Na pr\u00e1tica, a diferen\u00e7a entre o valor fixado dos produtos e o valor real de mercado \u00e9 repassada pelo estado ao produtor, de modo que n\u00e3o haja preju\u00edzos financeiros para o cidad\u00e3o.<\/p>\n<p>O texto aprovado estabelece que os recursos necess\u00e1rios para a inclus\u00e3o do leite na pauta da PGPM devem ser alocados pelo governo quando da elabora\u00e7\u00e3o da Lei de Diretrizes Or\u00e7ament\u00e1rias.<\/p>\n<p>Fonte: Ag\u00eancia Brasil<\/p>\n","protected":false},"excerpt":{"rendered":"<p>O leite poder\u00e1 entrar na lista de produtos amparados pela Pol\u00edtica de Garantia de Pre\u00e7os M\u00ednimos (PGPM). A medida beneficia os produtores rurais, sobretudo os pequenos e m\u00e9dios, que tendem a sofrer mais financeiramente com as oscila\u00e7\u00f5es de pre\u00e7o do mercado. O texto do Projeto de Lei Complementar (PLC) 215\/2015) foi aprovado nesta ter\u00e7a-feira (5) [&hellip;]<\/p>\n","protected":false},"author":96,"featured_media":106807,"comment_status":"closed","ping_status":"closed","sticky":false,"template":"","format":"standard","meta":{"footnotes":""},"categories":[254,439],"tags":[],"class_list":["post-106806","post","type-post","status-publish","format-standard","has-post-thumbnail","hentry","category-politica","category-ultima-hora"],"_links":{"self":[{"href":"https:\/\/diarioregionaldigital.com.br\/index.php?rest_route=\/wp\/v2\/posts\/106806","targetHints":{"allow":["GET"]}}],"collection":[{"href":"https:\/\/diarioregionaldigital.com.br\/index.php?rest_route=\/wp\/v2\/posts"}],"about":[{"href":"https:\/\/diarioregionaldigital.com.br\/index.php?rest_route=\/wp\/v2\/types\/post"}],"author":[{"embeddable":true,"href":"https:\/\/diarioregionaldigital.com.br\/index.php?rest_route=\/wp\/v2\/users\/96"}],"replies":[{"embeddable":true,"href":"https:\/\/diarioregionaldigital.com.br\/index.php?rest_route=%2Fwp%2Fv2%2Fcomments&post=106806"}],"version-history":[{"count":0,"href":"https:\/\/diarioregionaldigital.com.br\/index.php?rest_route=\/wp\/v2\/posts\/106806\/revisions"}],"wp:featuredmedia":[{"embeddable":true,"href":"https:\/\/diarioregionaldigital.com.br\/index.php?rest_route=\/wp\/v2\/media\/106807"}],"wp:attachment":[{"href":"https:\/\/diarioregionaldigital.com.br\/index.php?rest_route=%2Fwp%2Fv2%2Fmedia&parent=106806"}],"wp:term":[{"taxonomy":"category","embeddable":true,"href":"https:\/\/diarioregionaldigital.com.br\/index.php?rest_route=%2Fwp%2Fv2%2Fcategories&post=106806"},{"taxonomy":"post_tag","embeddable":true,"href":"https:\/\/diarioregionaldigital.com.br\/index.php?rest_route=%2Fwp%2Fv2%2Ftags&post=106806"}],"curies":[{"name":"wp","href":"https:\/\/api.w.org\/{rel}","templated":true}]}}