{"id":106798,"date":"2018-06-05T13:48:53","date_gmt":"2018-06-05T16:48:53","guid":{"rendered":"http:\/\/diarioregionaljf.com.br\/?p=106798"},"modified":"2018-06-06T11:03:59","modified_gmt":"2018-06-06T14:03:59","slug":"idoso-e-encontrado-morto-dentro-de-casa-e-corpo-segue-no-iml","status":"publish","type":"post","link":"https:\/\/diarioregionaldigital.com.br\/?p=106798","title":{"rendered":"Idoso \u00e9 encontrado morto dentro de casa e corpo segue no IML"},"content":{"rendered":"<p>A Pol\u00edcia Militar (PC) informou na manh\u00e3 desta ter\u00e7a-feira, 5, sobre a entrada do corpo de um senhor de 64 anos no Instituto M\u00e9dico Legal (IML).<\/p>\n<p>Segundo informa\u00e7\u00f5es da PM, o homem tem altura aproximada de 1,43 m, possui barba, bigode e cabelos grisalhos. O corpo n\u00e3o possu\u00eda sinais de viol\u00eancia. Ele foi encontrado em sua resid\u00eancia na Rua Clorindo Burnier, 21, no bairro Vitorino Braga, zona Leste.<\/p>\n<p>A PC solicita que qualquer pessoa que tenha informa\u00e7\u00e3o sobre o homem, que compare\u00e7a ao Instituto M\u00e9dico Legal (IML), localizado na Rua Professora Carolina Coelho, 56, no bairro Granbery, regi\u00e3o central da cidade.<\/p>\n<p>Outros dois corpos seguem sem identifica\u00e7\u00e3o no IML. O de uma <a href=\"https:\/\/diarioregionaldigital.com.br\/2018\/06\/04\/corpo-de-mulher-encontrado-com-rosto-queimado-segue-sem-identificacao\/\">mulher encontrada com rosto queimado<\/a> e o de um <a href=\"https:\/\/diarioregionaldigital.com.br\/2018\/06\/04\/corpo-de-homem-atropelado-por-trem-continua-sem-identificacao-no-iml\/\">homem atropelado por trem<\/a>.<\/p>\n","protected":false},"excerpt":{"rendered":"<p>A Pol\u00edcia Militar (PC) informou na manh\u00e3 desta ter\u00e7a-feira, 5, sobre a entrada do corpo de um senhor de 64 anos no Instituto M\u00e9dico Legal (IML). Segundo informa\u00e7\u00f5es da PM, o homem tem altura aproximada de 1,43 m, possui barba, bigode e cabelos grisalhos. O corpo n\u00e3o possu\u00eda sinais de viol\u00eancia. Ele foi encontrado em [&hellip;]<\/p>\n","protected":false},"author":96,"featured_media":97342,"comment_status":"closed","ping_status":"closed","sticky":false,"template":"","format":"standard","meta":{"footnotes":""},"categories":[301,439],"tags":[],"class_list":["post-106798","post","type-post","status-publish","format-standard","has-post-thumbnail","hentry","category-artigos-policiais","category-ultima-hora"],"_links":{"self":[{"href":"https:\/\/diarioregionaldigital.com.br\/index.php?rest_route=\/wp\/v2\/posts\/106798","targetHints":{"allow":["GET"]}}],"collection":[{"href":"https:\/\/diarioregionaldigital.com.br\/index.php?rest_route=\/wp\/v2\/posts"}],"about":[{"href":"https:\/\/diarioregionaldigital.com.br\/index.php?rest_route=\/wp\/v2\/types\/post"}],"author":[{"embeddable":true,"href":"https:\/\/diarioregionaldigital.com.br\/index.php?rest_route=\/wp\/v2\/users\/96"}],"replies":[{"embeddable":true,"href":"https:\/\/diarioregionaldigital.com.br\/index.php?rest_route=%2Fwp%2Fv2%2Fcomments&post=106798"}],"version-history":[{"count":0,"href":"https:\/\/diarioregionaldigital.com.br\/index.php?rest_route=\/wp\/v2\/posts\/106798\/revisions"}],"wp:featuredmedia":[{"embeddable":true,"href":"https:\/\/diarioregionaldigital.com.br\/index.php?rest_route=\/wp\/v2\/media\/97342"}],"wp:attachment":[{"href":"https:\/\/diarioregionaldigital.com.br\/index.php?rest_route=%2Fwp%2Fv2%2Fmedia&parent=106798"}],"wp:term":[{"taxonomy":"category","embeddable":true,"href":"https:\/\/diarioregionaldigital.com.br\/index.php?rest_route=%2Fwp%2Fv2%2Fcategories&post=106798"},{"taxonomy":"post_tag","embeddable":true,"href":"https:\/\/diarioregionaldigital.com.br\/index.php?rest_route=%2Fwp%2Fv2%2Ftags&post=106798"}],"curies":[{"name":"wp","href":"https:\/\/api.w.org\/{rel}","templated":true}]}}