{"id":106792,"date":"2018-06-05T11:27:48","date_gmt":"2018-06-05T14:27:48","guid":{"rendered":"http:\/\/diarioregionaljf.com.br\/?p=106792"},"modified":"2018-06-05T12:27:05","modified_gmt":"2018-06-05T15:27:05","slug":"cidades-mineiras-registram-segunda-noite-de-ataques-a-onibus-e-predios","status":"publish","type":"post","link":"https:\/\/diarioregionaldigital.com.br\/?p=106792","title":{"rendered":"Cidades mineiras registram segunda noite de ataques a \u00f4nibus e pr\u00e9dios"},"content":{"rendered":"<p>Pelo menos mais 11 ve\u00edculos, entre carros e \u00f4nibus, foram incendiados em, pelo menos, sete cidades de Minas Gerais entre as 18 horas de segunda-feira, 4 e a madrugada de hoje, 5. No total, 35 ve\u00edculos foram queimados desde o in\u00edcio da s\u00e9rie de ataques criminosos no estado, no \u00faltimo domingo, 3, segundo a Pol\u00edcia Militar.<\/p>\n<p>A PM informou que as ocorr\u00eancias desta segunda noite de ataques foram registradas nos munic\u00edpios de Itajub\u00e1, Luz, Passos, Tupaciguara, Uberaba, Uberl\u00e2ndia e Varginha. A imprensa local relata que tamb\u00e9m houve novos casos em Alterosa, Alfenas, Arax\u00e1, Machado, Tr\u00eas Pontas, Itajub\u00e1 e Ipuiuna, mas a PM n\u00e3o confirmou a informa\u00e7\u00e3o.<\/p>\n<p>Desde o domingo, duas ag\u00eancias banc\u00e1rias, um caixa eletr\u00f4nico de autoatendimento, uma delegacia, uma unidade da PM e uma usina de reciclagem tamb\u00e9m foram alvos de ataques ou a\u00e7\u00f5es suspeitas. As autoridades de seguran\u00e7a p\u00fablica ainda investigam o v\u00ednculo entre todas as ocorr\u00eancias.<\/p>\n<p>At\u00e9 o momento, n\u00e3o h\u00e1 registros de feridos. Quarenta suspeitos de participar das a\u00e7\u00f5es criminosas j\u00e1 foram levados para prestar depoimentos. O governador Fernando Pimentel determinou \u00e0s for\u00e7as de seguran\u00e7a p\u00fablica que priorizem identificar e punir os respons\u00e1veis pelos ataques.<\/p>\n<p>As autoridades estaduais procuram manter em segredo os resultados preliminares das investiga\u00e7\u00f5es, mas, em particular, representantes da PM e da Pol\u00edcia Civil admitem que uma das hip\u00f3teses \u00e9 de que os ataques sejam comandados por l\u00edderes de uma fac\u00e7\u00e3o criminosa.<\/p>\n<p>Ontem, o porta-voz da PM mineira, major Fl\u00e1vio Santiago, disse que a\u00a0hip\u00f3tese de participa\u00e7\u00e3o de organiza\u00e7\u00f5es criminosas\u00a0ganhou for\u00e7a ap\u00f3s \u00e1udios atribu\u00eddos a bandidos serem compartilhados pelas redes sociais. Segundo o porta-voz, a veracidade das mensagens foi descartada pelo servi\u00e7o de intelig\u00eancia da corpora\u00e7\u00e3o, que concluiu que os \u00e1udios n\u00e3o tinam conex\u00e3o com os crimes recentes.<\/p>\n<p>Fonte: Ag\u00eancia Brasil<\/p>\n","protected":false},"excerpt":{"rendered":"<p>Pelo menos mais 11 ve\u00edculos, entre carros e \u00f4nibus, foram incendiados em, pelo menos, sete cidades de Minas Gerais entre as 18 horas de segunda-feira, 4 e a madrugada de hoje, 5. No total, 35 ve\u00edculos foram queimados desde o in\u00edcio da s\u00e9rie de ataques criminosos no estado, no \u00faltimo domingo, 3, segundo a Pol\u00edcia [&hellip;]<\/p>\n","protected":false},"author":96,"featured_media":95105,"comment_status":"closed","ping_status":"closed","sticky":false,"template":"","format":"standard","meta":{"footnotes":""},"categories":[436,252,439],"tags":[],"class_list":["post-106792","post","type-post","status-publish","format-standard","has-post-thumbnail","hentry","category-destaque-da-semana","category-regiao","category-ultima-hora"],"_links":{"self":[{"href":"https:\/\/diarioregionaldigital.com.br\/index.php?rest_route=\/wp\/v2\/posts\/106792","targetHints":{"allow":["GET"]}}],"collection":[{"href":"https:\/\/diarioregionaldigital.com.br\/index.php?rest_route=\/wp\/v2\/posts"}],"about":[{"href":"https:\/\/diarioregionaldigital.com.br\/index.php?rest_route=\/wp\/v2\/types\/post"}],"author":[{"embeddable":true,"href":"https:\/\/diarioregionaldigital.com.br\/index.php?rest_route=\/wp\/v2\/users\/96"}],"replies":[{"embeddable":true,"href":"https:\/\/diarioregionaldigital.com.br\/index.php?rest_route=%2Fwp%2Fv2%2Fcomments&post=106792"}],"version-history":[{"count":0,"href":"https:\/\/diarioregionaldigital.com.br\/index.php?rest_route=\/wp\/v2\/posts\/106792\/revisions"}],"wp:featuredmedia":[{"embeddable":true,"href":"https:\/\/diarioregionaldigital.com.br\/index.php?rest_route=\/wp\/v2\/media\/95105"}],"wp:attachment":[{"href":"https:\/\/diarioregionaldigital.com.br\/index.php?rest_route=%2Fwp%2Fv2%2Fmedia&parent=106792"}],"wp:term":[{"taxonomy":"category","embeddable":true,"href":"https:\/\/diarioregionaldigital.com.br\/index.php?rest_route=%2Fwp%2Fv2%2Fcategories&post=106792"},{"taxonomy":"post_tag","embeddable":true,"href":"https:\/\/diarioregionaldigital.com.br\/index.php?rest_route=%2Fwp%2Fv2%2Ftags&post=106792"}],"curies":[{"name":"wp","href":"https:\/\/api.w.org\/{rel}","templated":true}]}}