{"id":106784,"date":"2018-06-05T11:17:14","date_gmt":"2018-06-05T14:17:14","guid":{"rendered":"http:\/\/diarioregionaljf.com.br\/?p=106784"},"modified":"2018-06-05T12:30:12","modified_gmt":"2018-06-05T15:30:12","slug":"comite-da-crise-sera-mantido-para-monitorar-fake-news-nas-eleicoes","status":"publish","type":"post","link":"https:\/\/diarioregionaldigital.com.br\/?p=106784","title":{"rendered":"Comit\u00ea da crise ser\u00e1 mantido para monitorar fake news nas elei\u00e7\u00f5es"},"content":{"rendered":"<p>O ministro da Seguran\u00e7a P\u00fablica, Raul Jungmann, disse nessa segunda-feira, 4, que o comit\u00ea criado pelo governo para gerenciar a crise dos caminhoneiros ser\u00e1 mantido para as elei\u00e7\u00f5es deste ano. Segundo Jungmann, a quest\u00e3o envolvendo a paralisa\u00e7\u00e3o dos caminhoneiros e o desabastecimento no pa\u00eds caminha para os n\u00edveis de normalidade, mas o grupo passar\u00e1 a monitorar a dissemina\u00e7\u00e3o de not\u00edcias falsas (<em>fake news<\/em>) na internet. A decis\u00e3o de manter o comit\u00ea foi tomada nesta segunda-feira.<\/p>\n<p>\u201cNuma decis\u00e3o tomada hoje, vamos continuar mantendo o comit\u00ea que se reuniu, n\u00e3o mais focado na crise, mas na conjuntura pol\u00edtica. Porque temos um per\u00edodo de elei\u00e7\u00f5es \u00e0 frente, sabemos que temos que prestar aten\u00e7\u00e3o nas\u00a0<em>fake news<\/em>\u201d, afirmou Jungmann. Ele disse que o monitoramento padr\u00e3o ser\u00e1 feito na rede aberta, mas que, eventualmente, poder\u00e3o ser feitos pedidos \u00e0 Justi\u00e7a para monitorar indiv\u00edduos espec\u00edficos.<\/p>\n<p>\u201cA gente acompanha a rede aberta. Quando necess\u00e1rio, com ind\u00edcios fundamentados, a gente faz uma requisi\u00e7\u00e3o judicial para monitorar algu\u00e9m espec\u00edfico na rede. [&#8230;] Partidos e sindicatos t\u00eam cada vez menos representatividade e, por isso, precisam ser reformulados. E mais: \u00e9 preciso a gente entender que o empoderamento da rede veio para ficar\u201d, disse o ministro. Para Jungmann, plantar informa\u00e7\u00f5es mentirosas sobre um candidato no centro do debate pol\u00edtico \u00e9 \u201cum risco para a democracia\u201d.<\/p>\n<p>Dentre os integrantes do comit\u00ea que se reuniu diariamente nas \u00faltimas duas semanas para monitorar a situa\u00e7\u00e3o das estradas estavam os ministros do Gabinete de Seguran\u00e7a Institucional (GSI), S\u00e9rgio Etchegoyen; da Casa Civil, Eliseu Padilha; da Secretaria de Governo, Carlos Marun; e o chefe do Estado Maior-Conjunto das For\u00e7as Armadas, almirante Ademir Sobrinho, al\u00e9m de Jungmann. Ele n\u00e3o adiantou, por\u00e9m, quais nomes continuar\u00e3o no comit\u00ea daqui para a frente.<\/p>\n<p>A partir de provedores localizados em diferentes pa\u00edses, not\u00edcias falsas t\u00eam impactado os \u00faltimos debates p\u00fablicos mais relevantes, como as elei\u00e7\u00f5es nos Estados Unidos e os plebiscitos sobre a sa\u00edda do Reino Unido da Uni\u00e3o Europeia e sobre o acordo de paz entre o governo colombiano e as For\u00e7as Armadas Revolucion\u00e1rias da Col\u00f4mbia (Farc). A menos de um ano das elei\u00e7\u00f5es gerais,\u00a0agora \u00e9 o Brasil\u00a0que se v\u00ea diante do problema.<\/p>\n<p>Fonte: Ag\u00eancia Brasil<\/p>\n","protected":false},"excerpt":{"rendered":"<p>O ministro da Seguran\u00e7a P\u00fablica, Raul Jungmann, disse nessa segunda-feira, 4, que o comit\u00ea criado pelo governo para gerenciar a crise dos caminhoneiros ser\u00e1 mantido para as elei\u00e7\u00f5es deste ano. Segundo Jungmann, a quest\u00e3o envolvendo a paralisa\u00e7\u00e3o dos caminhoneiros e o desabastecimento no pa\u00eds caminha para os n\u00edveis de normalidade, mas o grupo passar\u00e1 a [&hellip;]<\/p>\n","protected":false},"author":96,"featured_media":106785,"comment_status":"closed","ping_status":"closed","sticky":false,"template":"","format":"standard","meta":{"footnotes":""},"categories":[436,254,439],"tags":[],"class_list":["post-106784","post","type-post","status-publish","format-standard","has-post-thumbnail","hentry","category-destaque-da-semana","category-politica","category-ultima-hora"],"_links":{"self":[{"href":"https:\/\/diarioregionaldigital.com.br\/index.php?rest_route=\/wp\/v2\/posts\/106784","targetHints":{"allow":["GET"]}}],"collection":[{"href":"https:\/\/diarioregionaldigital.com.br\/index.php?rest_route=\/wp\/v2\/posts"}],"about":[{"href":"https:\/\/diarioregionaldigital.com.br\/index.php?rest_route=\/wp\/v2\/types\/post"}],"author":[{"embeddable":true,"href":"https:\/\/diarioregionaldigital.com.br\/index.php?rest_route=\/wp\/v2\/users\/96"}],"replies":[{"embeddable":true,"href":"https:\/\/diarioregionaldigital.com.br\/index.php?rest_route=%2Fwp%2Fv2%2Fcomments&post=106784"}],"version-history":[{"count":0,"href":"https:\/\/diarioregionaldigital.com.br\/index.php?rest_route=\/wp\/v2\/posts\/106784\/revisions"}],"wp:featuredmedia":[{"embeddable":true,"href":"https:\/\/diarioregionaldigital.com.br\/index.php?rest_route=\/wp\/v2\/media\/106785"}],"wp:attachment":[{"href":"https:\/\/diarioregionaldigital.com.br\/index.php?rest_route=%2Fwp%2Fv2%2Fmedia&parent=106784"}],"wp:term":[{"taxonomy":"category","embeddable":true,"href":"https:\/\/diarioregionaldigital.com.br\/index.php?rest_route=%2Fwp%2Fv2%2Fcategories&post=106784"},{"taxonomy":"post_tag","embeddable":true,"href":"https:\/\/diarioregionaldigital.com.br\/index.php?rest_route=%2Fwp%2Fv2%2Ftags&post=106784"}],"curies":[{"name":"wp","href":"https:\/\/api.w.org\/{rel}","templated":true}]}}