{"id":106776,"date":"2018-06-05T10:04:13","date_gmt":"2018-06-05T13:04:13","guid":{"rendered":"http:\/\/diarioregionaljf.com.br\/?p=106776"},"modified":"2018-06-05T10:05:05","modified_gmt":"2018-06-05T13:05:05","slug":"homem-e-preso-apos-participar-de-furto-a-veiculo-e-a-residencia-na-zona-sul","status":"publish","type":"post","link":"https:\/\/diarioregionaldigital.com.br\/?p=106776","title":{"rendered":"Homem \u00e9 preso ap\u00f3s participar de furto a ve\u00edculo e a resid\u00eancia na zona Sul"},"content":{"rendered":"<p>Um homem de 30 anos foi preso pela Pol\u00edcia Militar (PM) ap\u00f3s participar do furto a um ve\u00edculo e a uma resid\u00eancia na Ladeira Alexandre Leonel, bairro Cascatinha, zona Sul da cidade, na manh\u00e3 dessa segunda-feira, 4. O autor foi identificado por meio de consulta a imagens de c\u00e2meras de seguran\u00e7a.<\/p>\n<p><strong>\u00a0\u00a0\u00a0\u00a0\u00a0\u00a0\u00a0\u00a0\u00a0\u00a0\u00a0 <\/strong>De acordo com o registro da ocorr\u00eancia na PM, o carro pertence a um homem de 41 anos e foi arrombado quando estava estacionado em via p\u00fablica. Do interior do ve\u00edculo foram roubados uma maleta de ferramentas e um controle remoto, que d\u00e1 acesso ao port\u00e3o da garagem do pr\u00e9dio onde a v\u00edtima reside.<\/p>\n<p>De posse do controle, o autor teria entrado no local e roubado duas bicicletas, pertencentes a outra moradora do edif\u00edcio. O homem foi identificado ap\u00f3s an\u00e1lise das imagens do circuito interno do pr\u00e9dio. Segundo a PM, ele\u00a0 j\u00e1 \u00e9 conhecido no meio policial pela pr\u00e1tica de crimes similares na regi\u00e3o.<\/p>\n<p>O suspeito foi localizado e confessou ter praticado o furto, relatando que trocou as bicicletas por drogas com um adolescente de 17 anos.<\/p>\n<p>Na resid\u00eancia do menor os militares localizaram os objetos roubados, al\u00e9m de determinada quantidade de drogas e outros materiais de proced\u00eancia duvidosa, tais como aparelhos eletr\u00f4nicos, celulares, cord\u00f5es e uma balan\u00e7a de precis\u00e3o.<\/p>\n<p>O homem e o adolescente foram detidos e conduzidos, juntamente com o material apreendido, \u00e0 presen\u00e7a da autoridade de pol\u00edcia judici\u00e1ria para as demais provid\u00eancias.<\/p>\n","protected":false},"excerpt":{"rendered":"<p>Um homem de 30 anos foi preso pela Pol\u00edcia Militar (PM) ap\u00f3s participar do furto a um ve\u00edculo e a uma resid\u00eancia na Ladeira Alexandre Leonel, bairro Cascatinha, zona Sul da cidade, na manh\u00e3 dessa segunda-feira, 4. O autor foi identificado por meio de consulta a imagens de c\u00e2meras de seguran\u00e7a. \u00a0\u00a0\u00a0\u00a0\u00a0\u00a0\u00a0\u00a0\u00a0\u00a0\u00a0 De acordo com [&hellip;]<\/p>\n","protected":false},"author":96,"featured_media":95836,"comment_status":"closed","ping_status":"closed","sticky":false,"template":"","format":"standard","meta":{"footnotes":""},"categories":[301,439],"tags":[],"class_list":["post-106776","post","type-post","status-publish","format-standard","has-post-thumbnail","hentry","category-artigos-policiais","category-ultima-hora"],"_links":{"self":[{"href":"https:\/\/diarioregionaldigital.com.br\/index.php?rest_route=\/wp\/v2\/posts\/106776","targetHints":{"allow":["GET"]}}],"collection":[{"href":"https:\/\/diarioregionaldigital.com.br\/index.php?rest_route=\/wp\/v2\/posts"}],"about":[{"href":"https:\/\/diarioregionaldigital.com.br\/index.php?rest_route=\/wp\/v2\/types\/post"}],"author":[{"embeddable":true,"href":"https:\/\/diarioregionaldigital.com.br\/index.php?rest_route=\/wp\/v2\/users\/96"}],"replies":[{"embeddable":true,"href":"https:\/\/diarioregionaldigital.com.br\/index.php?rest_route=%2Fwp%2Fv2%2Fcomments&post=106776"}],"version-history":[{"count":0,"href":"https:\/\/diarioregionaldigital.com.br\/index.php?rest_route=\/wp\/v2\/posts\/106776\/revisions"}],"wp:featuredmedia":[{"embeddable":true,"href":"https:\/\/diarioregionaldigital.com.br\/index.php?rest_route=\/wp\/v2\/media\/95836"}],"wp:attachment":[{"href":"https:\/\/diarioregionaldigital.com.br\/index.php?rest_route=%2Fwp%2Fv2%2Fmedia&parent=106776"}],"wp:term":[{"taxonomy":"category","embeddable":true,"href":"https:\/\/diarioregionaldigital.com.br\/index.php?rest_route=%2Fwp%2Fv2%2Fcategories&post=106776"},{"taxonomy":"post_tag","embeddable":true,"href":"https:\/\/diarioregionaldigital.com.br\/index.php?rest_route=%2Fwp%2Fv2%2Ftags&post=106776"}],"curies":[{"name":"wp","href":"https:\/\/api.w.org\/{rel}","templated":true}]}}