{"id":106774,"date":"2018-06-05T08:34:43","date_gmt":"2018-06-05T11:34:43","guid":{"rendered":"http:\/\/diarioregionaljf.com.br\/?p=106774"},"modified":"2018-06-05T08:35:12","modified_gmt":"2018-06-05T11:35:12","slug":"rastreador-e-usado-para-localizar-celular-roubado-no-sao-mateus","status":"publish","type":"post","link":"https:\/\/diarioregionaldigital.com.br\/?p=106774","title":{"rendered":"Rastreador \u00e9 usado para localizar celular roubado no S\u00e3o Mateus"},"content":{"rendered":"<p>Um rapaz de 19 anos foi assaltado por dois indiv\u00edduos armados com facas na Avenida Presidente Itamar Franco, altura do bairro S\u00e3o Mateus, regi\u00e3o central, na noite dessa segunda-feira, 4. Os assaltantes levaram o celular da v\u00edtima e a quantia de R$100.<\/p>\n<p>De acordo com informa\u00e7\u00f5es do registro da ocorr\u00eancia na Pol\u00edcia Militar (PM), o celular foi localizado abandonado em uma lixeira ap\u00f3s consulta \u00e0 informa\u00e7\u00f5es do rastreador do aparelho.<\/p>\n<p>Os autores fugiram em rumo ignorado ap\u00f3s o crime.<\/p>\n","protected":false},"excerpt":{"rendered":"<p>Um rapaz de 19 anos foi assaltado por dois indiv\u00edduos armados com facas na Avenida Presidente Itamar Franco, altura do bairro S\u00e3o Mateus, regi\u00e3o central, na noite dessa segunda-feira, 4. Os assaltantes levaram o celular da v\u00edtima e a quantia de R$100. De acordo com informa\u00e7\u00f5es do registro da ocorr\u00eancia na Pol\u00edcia Militar (PM), o [&hellip;]<\/p>\n","protected":false},"author":96,"featured_media":95836,"comment_status":"closed","ping_status":"closed","sticky":false,"template":"","format":"standard","meta":{"footnotes":""},"categories":[301,439],"tags":[],"class_list":["post-106774","post","type-post","status-publish","format-standard","has-post-thumbnail","hentry","category-artigos-policiais","category-ultima-hora"],"_links":{"self":[{"href":"https:\/\/diarioregionaldigital.com.br\/index.php?rest_route=\/wp\/v2\/posts\/106774","targetHints":{"allow":["GET"]}}],"collection":[{"href":"https:\/\/diarioregionaldigital.com.br\/index.php?rest_route=\/wp\/v2\/posts"}],"about":[{"href":"https:\/\/diarioregionaldigital.com.br\/index.php?rest_route=\/wp\/v2\/types\/post"}],"author":[{"embeddable":true,"href":"https:\/\/diarioregionaldigital.com.br\/index.php?rest_route=\/wp\/v2\/users\/96"}],"replies":[{"embeddable":true,"href":"https:\/\/diarioregionaldigital.com.br\/index.php?rest_route=%2Fwp%2Fv2%2Fcomments&post=106774"}],"version-history":[{"count":0,"href":"https:\/\/diarioregionaldigital.com.br\/index.php?rest_route=\/wp\/v2\/posts\/106774\/revisions"}],"wp:featuredmedia":[{"embeddable":true,"href":"https:\/\/diarioregionaldigital.com.br\/index.php?rest_route=\/wp\/v2\/media\/95836"}],"wp:attachment":[{"href":"https:\/\/diarioregionaldigital.com.br\/index.php?rest_route=%2Fwp%2Fv2%2Fmedia&parent=106774"}],"wp:term":[{"taxonomy":"category","embeddable":true,"href":"https:\/\/diarioregionaldigital.com.br\/index.php?rest_route=%2Fwp%2Fv2%2Fcategories&post=106774"},{"taxonomy":"post_tag","embeddable":true,"href":"https:\/\/diarioregionaldigital.com.br\/index.php?rest_route=%2Fwp%2Fv2%2Ftags&post=106774"}],"curies":[{"name":"wp","href":"https:\/\/api.w.org\/{rel}","templated":true}]}}