{"id":106772,"date":"2018-06-05T08:14:18","date_gmt":"2018-06-05T11:14:18","guid":{"rendered":"http:\/\/diarioregionaljf.com.br\/?p=106772"},"modified":"2018-06-05T08:14:34","modified_gmt":"2018-06-05T11:14:34","slug":"homem-armado-rouba-r52-mil-de-empresa-de-onibus","status":"publish","type":"post","link":"https:\/\/diarioregionaldigital.com.br\/?p=106772","title":{"rendered":"Homem armado rouba R$52 mil de empresa de \u00f4nibus"},"content":{"rendered":"<p>Um homem armado de rev\u00f3lver assaltou o funcion\u00e1rio de uma empresa do transporte coletivo e roubou um malote contendo cerca de R$52 mil na Rua Halfeld, centro de Juiz de Fora, no in\u00edcio da noite dessa segunda-feira, 4.<\/p>\n<p>A v\u00edtima, um rapaz de 26 anos, relatou \u00e0 Pol\u00edcia Militar (PM) que foi abordado pelo autor enquanto se deslocava para um ve\u00edculo com fins de fazer o transporte do malote, que havia acabado de retirar no ponto de apoio da empresa.<\/p>\n<p>O assaltante fugiu pela linha f\u00e9rrea, sentido ao bairro Po\u00e7o Rico.<\/p>\n","protected":false},"excerpt":{"rendered":"<p>Um homem armado de rev\u00f3lver assaltou o funcion\u00e1rio de uma empresa do transporte coletivo e roubou um malote contendo cerca de R$52 mil na Rua Halfeld, centro de Juiz de Fora, no in\u00edcio da noite dessa segunda-feira, 4. A v\u00edtima, um rapaz de 26 anos, relatou \u00e0 Pol\u00edcia Militar (PM) que foi abordado pelo autor [&hellip;]<\/p>\n","protected":false},"author":96,"featured_media":95836,"comment_status":"closed","ping_status":"closed","sticky":false,"template":"","format":"standard","meta":{"footnotes":""},"categories":[301,439],"tags":[],"class_list":["post-106772","post","type-post","status-publish","format-standard","has-post-thumbnail","hentry","category-artigos-policiais","category-ultima-hora"],"_links":{"self":[{"href":"https:\/\/diarioregionaldigital.com.br\/index.php?rest_route=\/wp\/v2\/posts\/106772","targetHints":{"allow":["GET"]}}],"collection":[{"href":"https:\/\/diarioregionaldigital.com.br\/index.php?rest_route=\/wp\/v2\/posts"}],"about":[{"href":"https:\/\/diarioregionaldigital.com.br\/index.php?rest_route=\/wp\/v2\/types\/post"}],"author":[{"embeddable":true,"href":"https:\/\/diarioregionaldigital.com.br\/index.php?rest_route=\/wp\/v2\/users\/96"}],"replies":[{"embeddable":true,"href":"https:\/\/diarioregionaldigital.com.br\/index.php?rest_route=%2Fwp%2Fv2%2Fcomments&post=106772"}],"version-history":[{"count":0,"href":"https:\/\/diarioregionaldigital.com.br\/index.php?rest_route=\/wp\/v2\/posts\/106772\/revisions"}],"wp:featuredmedia":[{"embeddable":true,"href":"https:\/\/diarioregionaldigital.com.br\/index.php?rest_route=\/wp\/v2\/media\/95836"}],"wp:attachment":[{"href":"https:\/\/diarioregionaldigital.com.br\/index.php?rest_route=%2Fwp%2Fv2%2Fmedia&parent=106772"}],"wp:term":[{"taxonomy":"category","embeddable":true,"href":"https:\/\/diarioregionaldigital.com.br\/index.php?rest_route=%2Fwp%2Fv2%2Fcategories&post=106772"},{"taxonomy":"post_tag","embeddable":true,"href":"https:\/\/diarioregionaldigital.com.br\/index.php?rest_route=%2Fwp%2Fv2%2Ftags&post=106772"}],"curies":[{"name":"wp","href":"https:\/\/api.w.org\/{rel}","templated":true}]}}