{"id":106766,"date":"2018-06-05T07:45:22","date_gmt":"2018-06-05T10:45:22","guid":{"rendered":"http:\/\/diarioregionaljf.com.br\/?p=106766"},"modified":"2018-06-05T07:45:38","modified_gmt":"2018-06-05T10:45:38","slug":"presidente-adia-reuniao-sobre-preco-de-combustiveis","status":"publish","type":"post","link":"https:\/\/diarioregionaldigital.com.br\/?p=106766","title":{"rendered":"Presidente adia reuni\u00e3o sobre pre\u00e7o de combust\u00edveis"},"content":{"rendered":"<p>Marcada para essa segunda-feira, 4, a <a href=\"http:\/\/diarioregionaljf.com.br\/2018\/06\/04\/tecnicos-voltam-a-discutir-amortecimento-de-precos-dos-combustiveis\/\" target=\"_blank\" rel=\"noopener\">reuni\u00e3o do Grupo de Trabalho composto por t\u00e9cnicos dos minist\u00e9rios da Fazenda e de Minas e Energia (MME), al\u00e9m da Ag\u00eancia Nacional do Petr\u00f3leo (ANP)<\/a>, foi adiada e ainda n\u00e3o tem uma nova data para ocorrer. A iniciativa foi anunciada na sexta-feira (1\u00ba) pelo MME. Na ocasi\u00e3o o minist\u00e9rio informou, por meio de nota oficial, que a reuni\u00e3o buscaria criar uma &#8220;pol\u00edtica de amortecimento dos pre\u00e7os dos combust\u00edveis ao consumidor&#8221;.<\/p>\n<p>A suspens\u00e3o da reuni\u00e3o foi determinada pelo presidente Michel Temer, segundo apurou a Ag\u00eancia Brasil. Temer considerou inoportuno e indelicado o governo discutir eventuais mudan\u00e7as nos prazos de reajustes de pre\u00e7os da gasolina e demais combust\u00edveis, no momento em que o novo presidente da Petrobras, Ivan Monteiro, mal assumiu o cargo.<\/p>\n<p>O presidente Temer orientou seus auxiliares a conduzir os estudos internamente e compartilh\u00e1-los mais tarde com a Petrobras, antes de anunciar publicamente qualquer inten\u00e7\u00e3o ou proposta. A ordem no Pal\u00e1cio no Planalto \u00e9 que se consolidem primeiramente a redu\u00e7\u00e3o efetiva do pre\u00e7o do diesel nas bombas em todo o pa\u00eds e, em seguida, as medidas legais para compensa\u00e7\u00e3o do desconto de R$0,46 por litro, antes de se iniciar o debate sobre a gasolina e g\u00e1s.<\/p>\n<p>Segundo o MME, a iniciativa n\u00e3o tocaria na pol\u00edtica de pre\u00e7os da Petrobr\u00e1s. Uma das possibilidades seria repassar as varia\u00e7\u00f5es nos pre\u00e7os da gasolina mensalmente, em vez de acompanhar diariamente as varia\u00e7\u00f5es do mercado.<\/p>\n<p>&#8220;Essa pol\u00edtica de prote\u00e7\u00e3o ter\u00e1 que preservar a atual pr\u00e1tica de pre\u00e7os de mercado para o produtor e importador, o que \u00e9 tido pela atual administra\u00e7\u00e3o como um ponto fundamental para a atra\u00e7\u00e3o de investimentos para o setor. Vai trazer previsibilidade e seguran\u00e7a ao consumidor e ao investidor&#8221;, sustentou o MME na \u00faltima sexta-feira.<\/p>\n<p>Ainda segundo o Minist\u00e9rio de Minas e Energia, seria formado um Grupo de Trabalho para ouvir especialistas sobre o assunto a fim de \u201cajudar a construir uma solu\u00e7\u00e3o que permita, por um lado, a continuidade da pr\u00e1tica de pre\u00e7os livres ao produtor\/importador e, por outro, o amortecimento dos pre\u00e7os ao consumidor.\u201d<\/p>\n<p>&nbsp;<\/p>\n<p>Fonte: Ag\u00eancia Brasil<\/p>\n","protected":false},"excerpt":{"rendered":"<p>Marcada para essa segunda-feira, 4, a reuni\u00e3o do Grupo de Trabalho composto por t\u00e9cnicos dos minist\u00e9rios da Fazenda e de Minas e Energia (MME), al\u00e9m da Ag\u00eancia Nacional do Petr\u00f3leo (ANP), foi adiada e ainda n\u00e3o tem uma nova data para ocorrer. A iniciativa foi anunciada na sexta-feira (1\u00ba) pelo MME. Na ocasi\u00e3o o minist\u00e9rio [&hellip;]<\/p>\n","protected":false},"author":96,"featured_media":97343,"comment_status":"closed","ping_status":"closed","sticky":false,"template":"","format":"standard","meta":{"footnotes":""},"categories":[254,439],"tags":[],"class_list":["post-106766","post","type-post","status-publish","format-standard","has-post-thumbnail","hentry","category-politica","category-ultima-hora"],"_links":{"self":[{"href":"https:\/\/diarioregionaldigital.com.br\/index.php?rest_route=\/wp\/v2\/posts\/106766","targetHints":{"allow":["GET"]}}],"collection":[{"href":"https:\/\/diarioregionaldigital.com.br\/index.php?rest_route=\/wp\/v2\/posts"}],"about":[{"href":"https:\/\/diarioregionaldigital.com.br\/index.php?rest_route=\/wp\/v2\/types\/post"}],"author":[{"embeddable":true,"href":"https:\/\/diarioregionaldigital.com.br\/index.php?rest_route=\/wp\/v2\/users\/96"}],"replies":[{"embeddable":true,"href":"https:\/\/diarioregionaldigital.com.br\/index.php?rest_route=%2Fwp%2Fv2%2Fcomments&post=106766"}],"version-history":[{"count":0,"href":"https:\/\/diarioregionaldigital.com.br\/index.php?rest_route=\/wp\/v2\/posts\/106766\/revisions"}],"wp:featuredmedia":[{"embeddable":true,"href":"https:\/\/diarioregionaldigital.com.br\/index.php?rest_route=\/wp\/v2\/media\/97343"}],"wp:attachment":[{"href":"https:\/\/diarioregionaldigital.com.br\/index.php?rest_route=%2Fwp%2Fv2%2Fmedia&parent=106766"}],"wp:term":[{"taxonomy":"category","embeddable":true,"href":"https:\/\/diarioregionaldigital.com.br\/index.php?rest_route=%2Fwp%2Fv2%2Fcategories&post=106766"},{"taxonomy":"post_tag","embeddable":true,"href":"https:\/\/diarioregionaldigital.com.br\/index.php?rest_route=%2Fwp%2Fv2%2Ftags&post=106766"}],"curies":[{"name":"wp","href":"https:\/\/api.w.org\/{rel}","templated":true}]}}