{"id":106761,"date":"2018-06-05T07:33:49","date_gmt":"2018-06-05T10:33:49","guid":{"rendered":"http:\/\/diarioregionaljf.com.br\/?p=106761"},"modified":"2018-06-05T07:35:27","modified_gmt":"2018-06-05T10:35:27","slug":"fhemig-abre-processo-seletivo-para-o-hospital-maria-amelia-lins","status":"publish","type":"post","link":"https:\/\/diarioregionaldigital.com.br\/?p=106761","title":{"rendered":"Fhemig abre processo seletivo para o Hospital Maria Am\u00e9lia Lins"},"content":{"rendered":"<p>A\u00a0<a href=\"http:\/\/www.fhemig.mg.gov.br\/\" target=\"_blank\" rel=\"noopener\">Funda\u00e7\u00e3o Hospitalar do Estado de Minas Gerais (Fhemig)<\/a>\u00a0est\u00e1 com inscri\u00e7\u00f5es abertas para o Processo Seletivo P\u00fablico Simplificado para atua\u00e7\u00e3o no\u00a0Hospital Maria Am\u00e9lia Lins (Hmal), na capital.<\/p>\n<p>O objetivo do processo\u00a0\u00e9 o cadastramento de curr\u00edculos, visando \u00e0 contrata\u00e7\u00e3o de profissionais\u00a0para as fun\u00e7\u00f5es de nutricionista e forma\u00e7\u00e3o de quadro de reserva para a fun\u00e7\u00e3o de farmac\u00eautico.<\/p>\n<p>Os interessados devem se inscrever por meio do <a href=\"http:\/\/www.fhemig.mg.gov.br\/\" target=\"_blank\" rel=\"noopener\">site\u00a0da Funda\u00e7\u00e3o<\/a>. O prazo vai at\u00e9 \u00e0s 17h do dia 8 de junho de 2018 (sexta-feira).<\/p>\n<p>As informa\u00e7\u00f5es sobre o processo seletivo est\u00e3o no\u00a0<a href=\"http:\/\/www.fhemig.mg.gov.br\/index.php\/como-ingressar-na-fhemig\/selecao\/editaiscontratacao\" target=\"_blank\" rel=\"noopener\">Regulamento n\u00ba 39\/2018<\/a>.<\/p>\n<p>&nbsp;<\/p>\n<p><span style=\"font-size: 12pt;\"><strong>O HOSPITAL<\/strong><\/span><\/p>\n<p>O\u00a0<a href=\"http:\/\/www.fhemig.mg.gov.br\/index.php\/atendimento-hospitalar\/complexo-de-urgencia-e-emergencia\/hospital-maria-amelia-lins\">Hospital Maria Am\u00e9lia Lins (Hmal)<\/a>\u00a0foi inaugurado em 1947. Ao iniciar suas atividades, tinha por miss\u00e3o atuar como pronto-socorro e Instituto M\u00e9dico Legal de Belo Horizonte. Com a constru\u00e7\u00e3o do HPS, em 1973, a unidade, que pertencia a Funda\u00e7\u00e3o Estadual de Assist\u00eancia M\u00e9dica de Urg\u00eancia (Feamur), passou por uma mudan\u00e7a no foco de atendimento e se transformou em uma policl\u00ednica. Logo em seguida, foi transformado em hospital geral, vindo a integrar a Fhemig.<\/p>\n<p>Em 1989, come\u00e7ou a buscar sua identidade pr\u00f3pria, mesmo ano em que o Hospital Jo\u00e3o XXIII transferiu os servi\u00e7os eletivos de cirurgia bucomaxilofacial, de cirurgia e fisioterapia de traumas dos membros superiores para a unidade. Cinco anos depois, o servi\u00e7o de ortopedia e traumatologia programada tamb\u00e9m foi transferido do Hospital Jo\u00e3o XXIII para o Hospital Maria Am\u00e9lia Lins.<\/p>\n<p>Atualmente, o hospital conta com especialistas nas \u00e1reas de coluna, ombro, quadril, joelho e cirurgia da m\u00e3o. Realiza cirurgias v\u00eddeo artrosc\u00f3picas, de fixadores externos e pr\u00f3teses. A unidade investe nas \u00e1reas de ensino e pesquisa. Em 1997, foi criada a Resid\u00eancia M\u00e9dica em Ortopedia, credenciada pelo Minist\u00e9rio da Educa\u00e7\u00e3o e Cultura e Sociedade Brasileira de Ortopedia e Traumatologia e recentemente foi credenciada a Resid\u00eancia em Cirurgia da M\u00e3o.<br \/>\nO Hmal est\u00e1 localizado na\u00a0Rua dos Otoni, n\u00ba 772, bairro Santa Efig\u00eania, em Belo Horizonte.<\/p>\n<p>&nbsp;<\/p>\n<p>Fonte: Ag\u00eancia Minas<\/p>\n","protected":false},"excerpt":{"rendered":"<p>A\u00a0Funda\u00e7\u00e3o Hospitalar do Estado de Minas Gerais (Fhemig)\u00a0est\u00e1 com inscri\u00e7\u00f5es abertas para o Processo Seletivo P\u00fablico Simplificado para atua\u00e7\u00e3o no\u00a0Hospital Maria Am\u00e9lia Lins (Hmal), na capital. O objetivo do processo\u00a0\u00e9 o cadastramento de curr\u00edculos, visando \u00e0 contrata\u00e7\u00e3o de profissionais\u00a0para as fun\u00e7\u00f5es de nutricionista e forma\u00e7\u00e3o de quadro de reserva para a fun\u00e7\u00e3o de farmac\u00eautico. Os [&hellip;]<\/p>\n","protected":false},"author":96,"featured_media":106762,"comment_status":"closed","ping_status":"closed","sticky":false,"template":"","format":"standard","meta":{"footnotes":""},"categories":[280,436],"tags":[],"class_list":["post-106761","post","type-post","status-publish","format-standard","has-post-thumbnail","hentry","category-concurso","category-destaque-da-semana"],"_links":{"self":[{"href":"https:\/\/diarioregionaldigital.com.br\/index.php?rest_route=\/wp\/v2\/posts\/106761","targetHints":{"allow":["GET"]}}],"collection":[{"href":"https:\/\/diarioregionaldigital.com.br\/index.php?rest_route=\/wp\/v2\/posts"}],"about":[{"href":"https:\/\/diarioregionaldigital.com.br\/index.php?rest_route=\/wp\/v2\/types\/post"}],"author":[{"embeddable":true,"href":"https:\/\/diarioregionaldigital.com.br\/index.php?rest_route=\/wp\/v2\/users\/96"}],"replies":[{"embeddable":true,"href":"https:\/\/diarioregionaldigital.com.br\/index.php?rest_route=%2Fwp%2Fv2%2Fcomments&post=106761"}],"version-history":[{"count":0,"href":"https:\/\/diarioregionaldigital.com.br\/index.php?rest_route=\/wp\/v2\/posts\/106761\/revisions"}],"wp:featuredmedia":[{"embeddable":true,"href":"https:\/\/diarioregionaldigital.com.br\/index.php?rest_route=\/wp\/v2\/media\/106762"}],"wp:attachment":[{"href":"https:\/\/diarioregionaldigital.com.br\/index.php?rest_route=%2Fwp%2Fv2%2Fmedia&parent=106761"}],"wp:term":[{"taxonomy":"category","embeddable":true,"href":"https:\/\/diarioregionaldigital.com.br\/index.php?rest_route=%2Fwp%2Fv2%2Fcategories&post=106761"},{"taxonomy":"post_tag","embeddable":true,"href":"https:\/\/diarioregionaldigital.com.br\/index.php?rest_route=%2Fwp%2Fv2%2Ftags&post=106761"}],"curies":[{"name":"wp","href":"https:\/\/api.w.org\/{rel}","templated":true}]}}