{"id":106758,"date":"2018-06-05T07:22:12","date_gmt":"2018-06-05T10:22:12","guid":{"rendered":"http:\/\/diarioregionaljf.com.br\/?p=106758"},"modified":"2018-06-05T07:23:01","modified_gmt":"2018-06-05T10:23:01","slug":"sau-divulga-escala-de-junho-para-atendimento-tecnico-na-analise-de-projetos","status":"publish","type":"post","link":"https:\/\/diarioregionaldigital.com.br\/?p=106758","title":{"rendered":"SAU divulga escala de junho para atendimento t\u00e9cnico na an\u00e1lise de projetos"},"content":{"rendered":"<p>A Secretaria de Atividades Urbanas (SAU) da Prefeitura de Juiz de Fora (PJF) divulgou nesta segunda-feira, 4, a <a href=\"https:\/\/www.pjf.mg.gov.br\/noticias\/anexo\/analise_projetos_sau.pdf\" target=\"_blank\" rel=\"noopener\">escala de plant\u00e3o de junho<\/a> para atendimento t\u00e9cnico do setor de an\u00e1lise de projetos do Departamento de Licenciamento de Obras e Parcelamentos Urbanos (DLU). O objetivo \u00e9 disponibilizar mensalmente essas informa\u00e7\u00f5es no\u00a0<a href=\"https:\/\/www.pjf.mg.gov.br\/\">site da PJF<\/a>, para maior intera\u00e7\u00e3o do departamento com o cidad\u00e3o. Dessa forma, evita-se que os interessados tenham que comparecer previamente ao DLU para verificar qual o hor\u00e1rio em que determinado analista estar\u00e1 de plant\u00e3o para orientar e esclarecer d\u00favidas espec\u00edficas sobre projetos ou interpreta\u00e7\u00e3o da legisla\u00e7\u00e3o urban\u00edstica.<\/p>\n<p><span style=\"font-size: 12pt;\"><strong>O DLU<\/strong><\/span><\/p>\n<p>\u00c9 respons\u00e1vel por interpretar e propor modifica\u00e7\u00f5es para atualiza\u00e7\u00e3o da legisla\u00e7\u00e3o urbana municipal, observando as diretrizes gerais constantes do Plano Diretor de Desenvolvimento Urbano e demais leis vigentes. Emite informa\u00e7\u00f5es b\u00e1sicas para elabora\u00e7\u00e3o de projetos de constru\u00e7\u00e3o e regulariza\u00e7\u00e3o, incluindo an\u00e1lise e aprova\u00e7\u00e3o. O DLU est\u00e1 localizado no Edif\u00edcio \u201cAdhemar Rezende\u201d, na Avenida Rio Branco, n\u00ba 1.843, 3\u00ba andar, no Centro.<\/p>\n<p>&nbsp;<\/p>\n<p>Fonte: Assessoria<\/p>\n","protected":false},"excerpt":{"rendered":"<p>A Secretaria de Atividades Urbanas (SAU) da Prefeitura de Juiz de Fora (PJF) divulgou nesta segunda-feira, 4, a escala de plant\u00e3o de junho para atendimento t\u00e9cnico do setor de an\u00e1lise de projetos do Departamento de Licenciamento de Obras e Parcelamentos Urbanos (DLU). O objetivo \u00e9 disponibilizar mensalmente essas informa\u00e7\u00f5es no\u00a0site da PJF, para maior intera\u00e7\u00e3o [&hellip;]<\/p>\n","protected":false},"author":96,"featured_media":106759,"comment_status":"closed","ping_status":"closed","sticky":false,"template":"","format":"standard","meta":{"footnotes":""},"categories":[253],"tags":[],"class_list":["post-106758","post","type-post","status-publish","format-standard","has-post-thumbnail","hentry","category-cidade"],"_links":{"self":[{"href":"https:\/\/diarioregionaldigital.com.br\/index.php?rest_route=\/wp\/v2\/posts\/106758","targetHints":{"allow":["GET"]}}],"collection":[{"href":"https:\/\/diarioregionaldigital.com.br\/index.php?rest_route=\/wp\/v2\/posts"}],"about":[{"href":"https:\/\/diarioregionaldigital.com.br\/index.php?rest_route=\/wp\/v2\/types\/post"}],"author":[{"embeddable":true,"href":"https:\/\/diarioregionaldigital.com.br\/index.php?rest_route=\/wp\/v2\/users\/96"}],"replies":[{"embeddable":true,"href":"https:\/\/diarioregionaldigital.com.br\/index.php?rest_route=%2Fwp%2Fv2%2Fcomments&post=106758"}],"version-history":[{"count":0,"href":"https:\/\/diarioregionaldigital.com.br\/index.php?rest_route=\/wp\/v2\/posts\/106758\/revisions"}],"wp:featuredmedia":[{"embeddable":true,"href":"https:\/\/diarioregionaldigital.com.br\/index.php?rest_route=\/wp\/v2\/media\/106759"}],"wp:attachment":[{"href":"https:\/\/diarioregionaldigital.com.br\/index.php?rest_route=%2Fwp%2Fv2%2Fmedia&parent=106758"}],"wp:term":[{"taxonomy":"category","embeddable":true,"href":"https:\/\/diarioregionaldigital.com.br\/index.php?rest_route=%2Fwp%2Fv2%2Fcategories&post=106758"},{"taxonomy":"post_tag","embeddable":true,"href":"https:\/\/diarioregionaldigital.com.br\/index.php?rest_route=%2Fwp%2Fv2%2Ftags&post=106758"}],"curies":[{"name":"wp","href":"https:\/\/api.w.org\/{rel}","templated":true}]}}