{"id":106755,"date":"2018-06-05T00:29:44","date_gmt":"2018-06-05T03:29:44","guid":{"rendered":"http:\/\/diarioregionaljf.com.br\/?p=106755"},"modified":"2018-06-05T00:29:44","modified_gmt":"2018-06-05T03:29:44","slug":"atleta-de-araxa-ira-representar-o-brasil-nos-eua-no-grand-prix-internacional-de-para-atletismo","status":"publish","type":"post","link":"https:\/\/diarioregionaldigital.com.br\/?p=106755","title":{"rendered":"Atleta de Arax\u00e1 ir\u00e1 representar o Brasil nos EUA no Grand Prix Internacional de Para-Atletismo"},"content":{"rendered":"<p>Natural de Arax\u00e1, Alex Roses Santos de Almeida \u00e9 um dos 4 atletas brasileiros que ir\u00e3o representar o atletismo brasileiro no Desert Challenge Games, em Phoenix\u00a0(EUA). O evento faz parte do Grand Prix Internacional de Para-Atletismo. Descoberto enquanto corria atr\u00e1s de bola na APAE, Alex conseguiu ficar no Top 5 do Ranking Nacional nas categorias salto em altura, salto em dist\u00e2ncia e 400m rasos.<\/p>\n<p>O atleta\u00a0treina com o t\u00e9cnico\u00a0Amair Ara\u00fajo,\u00a0que recebeu o pr\u00eamio \u201cMelhores do Ano\u201d\u00a0em 2016 pelo trabalho desenvolvido na APAE de Arax\u00e1. Para o treinador, Alex garantiu sua vaga por conta dos profissionais envolvidos, do trabalho em equipe da institui\u00e7\u00e3o que o apoia, mas\u00a0principalmente, pelo comprometimento do atleta.\u00a0Amair contou que \u201cAos 13 anos, ele foi inserido na APAE, se deslocando da zona rural at\u00e9 a cidade para participar das atividades e as vezes voltando a noite para casa. As condi\u00e7\u00f5es em que treinamos hoje n\u00e3o s\u00e3o as melhores. As vezes temos de praticar a noite, em uma pista que n\u00e3o possui ilumina\u00e7\u00e3o\u201d.<\/p>\n<p>Ao longo de sua carreira, o treinador contribuiu na forma\u00e7\u00e3o de diversos atletas, sempre movido pelo lema de\u00a0\u201ctransformar defici\u00eancia em efici\u00eancia\u201d. Para ele, a classifica\u00e7\u00e3o de Alex para o torneio o faz ver o seu valor como t\u00e9cnico. \u201c\u00c9 muito bom ver um atleta treinado por voc\u00ea na base despontando a n\u00edvel mundial\u201d, disse Amair.<\/p>\n<p><strong>Fonte: Minas Esporte <\/strong><\/p>\n<p>&nbsp;<\/p>\n","protected":false},"excerpt":{"rendered":"<p>Natural de Arax\u00e1, Alex Roses Santos de Almeida \u00e9 um dos 4 atletas brasileiros que ir\u00e3o representar o atletismo brasileiro no Desert Challenge Games, em Phoenix\u00a0(EUA). O evento faz parte do Grand Prix Internacional de Para-Atletismo. Descoberto enquanto corria atr\u00e1s de bola na APAE, Alex conseguiu ficar no Top 5 do Ranking Nacional nas categorias [&hellip;]<\/p>\n","protected":false},"author":96,"featured_media":106756,"comment_status":"closed","ping_status":"closed","sticky":false,"template":"","format":"standard","meta":{"footnotes":""},"categories":[257,439],"tags":[],"class_list":["post-106755","post","type-post","status-publish","format-standard","has-post-thumbnail","hentry","category-esporte","category-ultima-hora"],"_links":{"self":[{"href":"https:\/\/diarioregionaldigital.com.br\/index.php?rest_route=\/wp\/v2\/posts\/106755","targetHints":{"allow":["GET"]}}],"collection":[{"href":"https:\/\/diarioregionaldigital.com.br\/index.php?rest_route=\/wp\/v2\/posts"}],"about":[{"href":"https:\/\/diarioregionaldigital.com.br\/index.php?rest_route=\/wp\/v2\/types\/post"}],"author":[{"embeddable":true,"href":"https:\/\/diarioregionaldigital.com.br\/index.php?rest_route=\/wp\/v2\/users\/96"}],"replies":[{"embeddable":true,"href":"https:\/\/diarioregionaldigital.com.br\/index.php?rest_route=%2Fwp%2Fv2%2Fcomments&post=106755"}],"version-history":[{"count":0,"href":"https:\/\/diarioregionaldigital.com.br\/index.php?rest_route=\/wp\/v2\/posts\/106755\/revisions"}],"wp:featuredmedia":[{"embeddable":true,"href":"https:\/\/diarioregionaldigital.com.br\/index.php?rest_route=\/wp\/v2\/media\/106756"}],"wp:attachment":[{"href":"https:\/\/diarioregionaldigital.com.br\/index.php?rest_route=%2Fwp%2Fv2%2Fmedia&parent=106755"}],"wp:term":[{"taxonomy":"category","embeddable":true,"href":"https:\/\/diarioregionaldigital.com.br\/index.php?rest_route=%2Fwp%2Fv2%2Fcategories&post=106755"},{"taxonomy":"post_tag","embeddable":true,"href":"https:\/\/diarioregionaldigital.com.br\/index.php?rest_route=%2Fwp%2Fv2%2Ftags&post=106755"}],"curies":[{"name":"wp","href":"https:\/\/api.w.org\/{rel}","templated":true}]}}