{"id":106740,"date":"2018-06-05T06:19:31","date_gmt":"2018-06-05T09:19:31","guid":{"rendered":"http:\/\/diarioregionaljf.com.br\/?p=106740"},"modified":"2018-06-04T20:25:28","modified_gmt":"2018-06-04T23:25:28","slug":"frente-fria-retorna-esta-semana-a-juiz-de-fora","status":"publish","type":"post","link":"https:\/\/diarioregionaldigital.com.br\/?p=106740","title":{"rendered":"Frente fria retorna esta semana a Juiz de Fora"},"content":{"rendered":"<p>As temperaturas em Juiz de Fora tiveram queda no final da noite do \u00faltimo domingo, 3, e durante a madrugada dessa segunda-feira, 4. Os term\u00f4metros registraram m\u00ednima de 13 graus. De acordo com o Instituto Nacional de Meteorologia (Inmet), a previs\u00e3o para esta ter\u00e7a-feira \u00e9 de c\u00e9u parcialmente nublado, com possibilidade de chuva no final do dia. Segundo o Inmet a umidade relativa do ar deve chegar a 95% pela manh\u00e3 e 50% na parte da tarde.<\/p>\n<p>&nbsp;<\/p>\n<p>Quanto \u00e0 frente fria, o instituto informou que a massa de ar fria se mant\u00e9m durante toda essa semana. A temperatura m\u00e9dia em Juiz de Fora ser\u00e1 de m\u00e1xima de 27 graus e a m\u00ednima \u00e9 de 12.<\/p>\n<p>&nbsp;<\/p>\n","protected":false},"excerpt":{"rendered":"<p>As temperaturas em Juiz de Fora tiveram queda no final da noite do \u00faltimo domingo, 3, e durante a madrugada dessa segunda-feira, 4. Os term\u00f4metros registraram m\u00ednima de 13 graus. De acordo com o Instituto Nacional de Meteorologia (Inmet), a previs\u00e3o para esta ter\u00e7a-feira \u00e9 de c\u00e9u parcialmente nublado, com possibilidade de chuva no final [&hellip;]<\/p>\n","protected":false},"author":96,"featured_media":106741,"comment_status":"closed","ping_status":"closed","sticky":false,"template":"","format":"standard","meta":{"footnotes":""},"categories":[253,440],"tags":[],"class_list":["post-106740","post","type-post","status-publish","format-standard","has-post-thumbnail","hentry","category-cidade","category-destaques-do-dia"],"_links":{"self":[{"href":"https:\/\/diarioregionaldigital.com.br\/index.php?rest_route=\/wp\/v2\/posts\/106740","targetHints":{"allow":["GET"]}}],"collection":[{"href":"https:\/\/diarioregionaldigital.com.br\/index.php?rest_route=\/wp\/v2\/posts"}],"about":[{"href":"https:\/\/diarioregionaldigital.com.br\/index.php?rest_route=\/wp\/v2\/types\/post"}],"author":[{"embeddable":true,"href":"https:\/\/diarioregionaldigital.com.br\/index.php?rest_route=\/wp\/v2\/users\/96"}],"replies":[{"embeddable":true,"href":"https:\/\/diarioregionaldigital.com.br\/index.php?rest_route=%2Fwp%2Fv2%2Fcomments&post=106740"}],"version-history":[{"count":0,"href":"https:\/\/diarioregionaldigital.com.br\/index.php?rest_route=\/wp\/v2\/posts\/106740\/revisions"}],"wp:featuredmedia":[{"embeddable":true,"href":"https:\/\/diarioregionaldigital.com.br\/index.php?rest_route=\/wp\/v2\/media\/106741"}],"wp:attachment":[{"href":"https:\/\/diarioregionaldigital.com.br\/index.php?rest_route=%2Fwp%2Fv2%2Fmedia&parent=106740"}],"wp:term":[{"taxonomy":"category","embeddable":true,"href":"https:\/\/diarioregionaldigital.com.br\/index.php?rest_route=%2Fwp%2Fv2%2Fcategories&post=106740"},{"taxonomy":"post_tag","embeddable":true,"href":"https:\/\/diarioregionaldigital.com.br\/index.php?rest_route=%2Fwp%2Fv2%2Ftags&post=106740"}],"curies":[{"name":"wp","href":"https:\/\/api.w.org\/{rel}","templated":true}]}}