{"id":106730,"date":"2018-06-05T06:00:32","date_gmt":"2018-06-05T09:00:32","guid":{"rendered":"http:\/\/diarioregionaljf.com.br\/?p=106730"},"modified":"2018-08-13T20:27:36","modified_gmt":"2018-08-13T23:27:36","slug":"vende-se-lotes-05-06-18","status":"publish","type":"post","link":"https:\/\/diarioregionaldigital.com.br\/?p=106730","title":{"rendered":"Vende-se Lotes 05\/06\/18"},"content":{"rendered":"<p style=\"text-align: center;\"><span style=\"font-size: 14pt;\"><strong>VENDE-SE<\/strong><\/span><\/p>\n<p style=\"text-align: left;\"><span style=\"font-size: 12pt;\">Vendo 2 lotes no Linhares Rua Capit\u00e3o Maur\u00edcio S\u00e1vio. Asfalto, rede de \u00e1gua, esgoto, luz, \u00f4nibus. 35 mil cada. Tratar com Myrto, fones : (32) 3215-0477 \/ 98852-9066 \/ 98447-2017<strong>,<\/strong> na rua Am\u00e9rico Luz N\u00b0 30 Manoel Hon\u00f3rio.<\/span><\/p>\n","protected":false},"excerpt":{"rendered":"<p>VENDE-SE Vendo 2 lotes no Linhares Rua Capit\u00e3o Maur\u00edcio S\u00e1vio. Asfalto, rede de \u00e1gua, esgoto, luz, \u00f4nibus. 35 mil cada. Tratar com Myrto, fones : (32) 3215-0477 \/ 98852-9066 \/ 98447-2017, na rua Am\u00e9rico Luz N\u00b0 30 Manoel Hon\u00f3rio.<\/p>\n","protected":false},"author":96,"featured_media":0,"comment_status":"closed","ping_status":"closed","sticky":false,"template":"","format":"standard","meta":{"footnotes":""},"categories":[307],"tags":[],"class_list":["post-106730","post","type-post","status-publish","format-standard","hentry","category-editais"],"_links":{"self":[{"href":"https:\/\/diarioregionaldigital.com.br\/index.php?rest_route=\/wp\/v2\/posts\/106730","targetHints":{"allow":["GET"]}}],"collection":[{"href":"https:\/\/diarioregionaldigital.com.br\/index.php?rest_route=\/wp\/v2\/posts"}],"about":[{"href":"https:\/\/diarioregionaldigital.com.br\/index.php?rest_route=\/wp\/v2\/types\/post"}],"author":[{"embeddable":true,"href":"https:\/\/diarioregionaldigital.com.br\/index.php?rest_route=\/wp\/v2\/users\/96"}],"replies":[{"embeddable":true,"href":"https:\/\/diarioregionaldigital.com.br\/index.php?rest_route=%2Fwp%2Fv2%2Fcomments&post=106730"}],"version-history":[{"count":0,"href":"https:\/\/diarioregionaldigital.com.br\/index.php?rest_route=\/wp\/v2\/posts\/106730\/revisions"}],"wp:attachment":[{"href":"https:\/\/diarioregionaldigital.com.br\/index.php?rest_route=%2Fwp%2Fv2%2Fmedia&parent=106730"}],"wp:term":[{"taxonomy":"category","embeddable":true,"href":"https:\/\/diarioregionaldigital.com.br\/index.php?rest_route=%2Fwp%2Fv2%2Fcategories&post=106730"},{"taxonomy":"post_tag","embeddable":true,"href":"https:\/\/diarioregionaldigital.com.br\/index.php?rest_route=%2Fwp%2Fv2%2Ftags&post=106730"}],"curies":[{"name":"wp","href":"https:\/\/api.w.org\/{rel}","templated":true}]}}