{"id":106721,"date":"2018-06-05T06:00:14","date_gmt":"2018-06-05T09:00:14","guid":{"rendered":"http:\/\/diarioregionaljf.com.br\/?p=106721"},"modified":"2018-06-04T19:23:45","modified_gmt":"2018-06-04T22:23:45","slug":"nectar-dos-deuses-2","status":"publish","type":"post","link":"https:\/\/diarioregionaldigital.com.br\/?p=106721","title":{"rendered":"N\u00e9ctar dos Deuses"},"content":{"rendered":"<p style=\"text-align: center;\"><strong>N\u00e9ctar dos Deuses<\/strong><\/p>\n<p style=\"text-align: center;\">Entre os dias 8, 9 e 10 de junho, Juiz de Fora recebe o Emp\u00f3rio Wine &amp; Liquor, um evento in\u00e9dito voltado para o mercado de vinho, acess\u00f3rios e equipamentos. O objetivo \u00e9 a degusta\u00e7\u00e3o de vinhos. Pilotada por Jefre Milione, professor na \u00e1rea de gest\u00e3o de neg\u00f3cios, especializado em Gest\u00e3o de Estabelecimentos Gastron\u00f4micos, e Marco Morais, professor e respons\u00e1vel pela Associa\u00e7\u00e3o Brasileira de Sommeliers de Juiz de Fora. O evento \u00e9 uma \u00f3tima oportunidade para networking, neg\u00f3cios e conhecimentos.<\/p>\n<p style=\"text-align: center;\"><strong>Pr\u00eamio<\/strong><\/p>\n<p style=\"text-align: center;\">J\u00e1 foi lan\u00e7ado a nova edi\u00e7\u00e3o de Pr\u00eamio Oddone Turolla de Jornalismo, realizado pela segunda vez em alto estilo. Concorrer\u00e3o ao Pr\u00eamio trabalhos veiculados pela imprensa, entre outubro de 2017 e 30 de junho de 2018, per\u00edodo determinado pela Comiss\u00e3o Organizadora, ou trabalhos in\u00e9ditos produzidos no mesmo per\u00edodo. Os trabalhos devem ser desenvolvidos para veicula\u00e7\u00e3o nas m\u00eddias: jornal, revista, r\u00e1dio, televis\u00e3o e internet, e inscritos conforme o regulamento. Somente podem participar do pr\u00eamio jornalistas que possuam comprovante profissional e no caso de estudantes, declara\u00e7\u00e3o da universidade ou faculdade.<\/p>\n<p style=\"text-align: center;\"><strong>Obras Sociais<\/strong><\/p>\n<p style=\"text-align: center;\">Uma tarde elegante foi orquestrada no Marcellu\u2019s Aero para a realiza\u00e7\u00e3o do Ch\u00e1 Colonial das Obras Sociais do Bom Pastor. O perfeito servi\u00e7o de Tizinha Andrade com canap\u00e9s, salgadinhos finos e tortas deliciosos fizeram contraponto para o desfile outono-inverno de Rosana Amaral. A presen\u00e7a de Pedro Bismarck animou a bela tarde. Recebendo as convidadas, a presidente Wanda Gontijo.<\/p>\n<p style=\"text-align: center;\"><strong>Olha s\u00f3<\/strong><\/p>\n<p style=\"text-align: center;\">A rede \u00cdmpar de hospitais, criada por Edson Bueno e hoje controlada por seus herdeiros, j\u00e1 esteve \u00e0 venda. N\u00e3o est\u00e1 mais e ser\u00e1 ampliada. Ser\u00e1 erguida a nona unidade de rede em Bras\u00edlia, um investimento de R$ 500 milh\u00f5es.<\/p>\n<p style=\"text-align: center;\"><strong>Palavras sem Efeito<\/strong><\/p>\n<p style=\"text-align: center;\">Arthur Machado, preso em abril na Opera\u00e7\u00e3o Rizoma, est\u00e1 firme na convic\u00e7\u00e3o de n\u00e3o negociar uma dela\u00e7\u00e3o premiada. Mas foi ao MPF do Rio de Janeiro depor por livre e espont\u00e2nea vontade h\u00e1 dez dias. Falou, falou e n\u00e3o convenceu.<\/p>\n<div id=\"attachment_106691\" style=\"width: 690px\" class=\"wp-caption aligncenter\"><img loading=\"lazy\" decoding=\"async\" aria-describedby=\"caption-attachment-106691\" class=\"wp-image-106691\" src=\"http:\/\/diarioregionaljf.com.br\/wp-content\/uploads\/2018\/06\/fotoa.jpg\" alt=\"\" width=\"680\" height=\"374\" srcset=\"https:\/\/diarioregionaldigital.com.br\/wp-content\/uploads\/2018\/06\/fotoa.jpg 1440w, https:\/\/diarioregionaldigital.com.br\/wp-content\/uploads\/2018\/06\/fotoa-300x165.jpg 300w, https:\/\/diarioregionaldigital.com.br\/wp-content\/uploads\/2018\/06\/fotoa-768x423.jpg 768w, https:\/\/diarioregionaldigital.com.br\/wp-content\/uploads\/2018\/06\/fotoa-1024x564.jpg 1024w, https:\/\/diarioregionaldigital.com.br\/wp-content\/uploads\/2018\/06\/fotoa-360x198.jpg 360w\" sizes=\"auto, (max-width: 680px) 100vw, 680px\" \/><p id=\"caption-attachment-106691\" class=\"wp-caption-text\">Mulheres lindas em cena social no Condom\u00ednio Village Salvaterra, Fl\u00e1via Rezende, Raquel Werneck, Denise Rezende, Myrliane Le\u00e3o, Vivian Werneck Alvim e Marcella Rezende<\/p><\/div>\n<div id=\"attachment_106693\" style=\"width: 690px\" class=\"wp-caption aligncenter\"><img loading=\"lazy\" decoding=\"async\" aria-describedby=\"caption-attachment-106693\" class=\"wp-image-106693\" src=\"http:\/\/diarioregionaljf.com.br\/wp-content\/uploads\/2018\/06\/fotob.jpg\" alt=\"\" width=\"680\" height=\"510\" srcset=\"https:\/\/diarioregionaldigital.com.br\/wp-content\/uploads\/2018\/06\/fotob.jpg 960w, https:\/\/diarioregionaldigital.com.br\/wp-content\/uploads\/2018\/06\/fotob-300x225.jpg 300w, https:\/\/diarioregionaldigital.com.br\/wp-content\/uploads\/2018\/06\/fotob-768x576.jpg 768w, https:\/\/diarioregionaldigital.com.br\/wp-content\/uploads\/2018\/06\/fotob-360x270.jpg 360w\" sizes=\"auto, (max-width: 680px) 100vw, 680px\" \/><p id=\"caption-attachment-106693\" class=\"wp-caption-text\">Em Acesita no Vale do A\u00e7o, a elegante Pepita Lodi festejou 85 anos ao lado dos filhos, Renan, Fernando e Cristina Lodi<\/p><\/div>\n<div id=\"attachment_106695\" style=\"width: 690px\" class=\"wp-caption aligncenter\"><img loading=\"lazy\" decoding=\"async\" aria-describedby=\"caption-attachment-106695\" class=\"wp-image-106695\" src=\"http:\/\/diarioregionaljf.com.br\/wp-content\/uploads\/2018\/06\/fotoc-e1528148623989.jpg\" alt=\"\" width=\"680\" height=\"571\" srcset=\"https:\/\/diarioregionaldigital.com.br\/wp-content\/uploads\/2018\/06\/fotoc-e1528148623989.jpg 715w, https:\/\/diarioregionaldigital.com.br\/wp-content\/uploads\/2018\/06\/fotoc-e1528148623989-300x252.jpg 300w, https:\/\/diarioregionaldigital.com.br\/wp-content\/uploads\/2018\/06\/fotoc-e1528148623989-360x302.jpg 360w\" sizes=\"auto, (max-width: 680px) 100vw, 680px\" \/><p id=\"caption-attachment-106695\" class=\"wp-caption-text\">A chiqu\u00e9rrima Ana Tereza Ba\u00eata Campomizzi com as elegantes g\u00eameas Ana L\u00facia Signorelli e Ana Paula Ribeiro<\/p><\/div>\n<div id=\"attachment_106696\" style=\"width: 690px\" class=\"wp-caption aligncenter\"><img loading=\"lazy\" decoding=\"async\" aria-describedby=\"caption-attachment-106696\" class=\"wp-image-106696\" src=\"http:\/\/diarioregionaljf.com.br\/wp-content\/uploads\/2018\/06\/fotod.jpg\" alt=\"\" width=\"680\" height=\"510\" srcset=\"https:\/\/diarioregionaldigital.com.br\/wp-content\/uploads\/2018\/06\/fotod.jpg 960w, https:\/\/diarioregionaldigital.com.br\/wp-content\/uploads\/2018\/06\/fotod-300x225.jpg 300w, https:\/\/diarioregionaldigital.com.br\/wp-content\/uploads\/2018\/06\/fotod-768x576.jpg 768w, https:\/\/diarioregionaldigital.com.br\/wp-content\/uploads\/2018\/06\/fotod-360x270.jpg 360w\" sizes=\"auto, (max-width: 680px) 100vw, 680px\" \/><p id=\"caption-attachment-106696\" class=\"wp-caption-text\">A querida Margarida Kelmer comemorou anivers\u00e1rio junto com seus familiares, L\u00e9o, Fl\u00e1vio, Adriana, Jacy e Wellington Silva<\/p><\/div>\n<div id=\"attachment_106704\" style=\"width: 690px\" class=\"wp-caption aligncenter\"><img loading=\"lazy\" decoding=\"async\" aria-describedby=\"caption-attachment-106704\" class=\"wp-image-106704\" src=\"http:\/\/diarioregionaljf.com.br\/wp-content\/uploads\/2018\/06\/fotof-1-e1528148024505.jpg\" alt=\"\" width=\"680\" height=\"568\" srcset=\"https:\/\/diarioregionaldigital.com.br\/wp-content\/uploads\/2018\/06\/fotof-1-e1528148024505.jpg 718w, https:\/\/diarioregionaldigital.com.br\/wp-content\/uploads\/2018\/06\/fotof-1-e1528148024505-300x251.jpg 300w, https:\/\/diarioregionaldigital.com.br\/wp-content\/uploads\/2018\/06\/fotof-1-e1528148024505-360x301.jpg 360w\" sizes=\"auto, (max-width: 680px) 100vw, 680px\" \/><p id=\"caption-attachment-106704\" class=\"wp-caption-text\">Nayane Neto em ritmo de n\u00edver na By Candy com Eduardo Gomes<\/p><\/div>\n<div id=\"attachment_106692\" style=\"width: 690px\" class=\"wp-caption aligncenter\"><img loading=\"lazy\" decoding=\"async\" aria-describedby=\"caption-attachment-106692\" class=\"wp-image-106692\" src=\"http:\/\/diarioregionaljf.com.br\/wp-content\/uploads\/2018\/06\/fotoaa-e1528148925928.jpg\" alt=\"\" width=\"680\" height=\"573\" srcset=\"https:\/\/diarioregionaldigital.com.br\/wp-content\/uploads\/2018\/06\/fotoaa-e1528148925928.jpg 712w, https:\/\/diarioregionaldigital.com.br\/wp-content\/uploads\/2018\/06\/fotoaa-e1528148925928-300x253.jpg 300w, https:\/\/diarioregionaldigital.com.br\/wp-content\/uploads\/2018\/06\/fotoaa-e1528148925928-360x303.jpg 360w\" sizes=\"auto, (max-width: 680px) 100vw, 680px\" \/><p id=\"caption-attachment-106692\" class=\"wp-caption-text\">A elegante Ivanir Ferreira recebe hoje na C\u00e2mara Municipal, o t\u00edtulo de Cidad\u00e3 Benem\u00e9rita e posou com o marido Carlos Alberto Ferreira no Capit\u00f3lio<\/p><\/div>\n<div id=\"attachment_106701\" style=\"width: 690px\" class=\"wp-caption aligncenter\"><img loading=\"lazy\" decoding=\"async\" aria-describedby=\"caption-attachment-106701\" class=\"wp-image-106701\" src=\"http:\/\/diarioregionaljf.com.br\/wp-content\/uploads\/2018\/06\/fotoi-e1528149589569.jpg\" alt=\"\" width=\"680\" height=\"498\" srcset=\"https:\/\/diarioregionaldigital.com.br\/wp-content\/uploads\/2018\/06\/fotoi-e1528149589569.jpg 955w, https:\/\/diarioregionaldigital.com.br\/wp-content\/uploads\/2018\/06\/fotoi-e1528149589569-300x220.jpg 300w, https:\/\/diarioregionaldigital.com.br\/wp-content\/uploads\/2018\/06\/fotoi-e1528149589569-768x563.jpg 768w, https:\/\/diarioregionaldigital.com.br\/wp-content\/uploads\/2018\/06\/fotoi-e1528149589569-360x264.jpg 360w\" sizes=\"auto, (max-width: 680px) 100vw, 680px\" \/><p id=\"caption-attachment-106701\" class=\"wp-caption-text\">O bonito casal Andr\u00e9 Santos e Rosy\u00ea Apolin\u00e1rio Santos na movimentada Feijoada da OAB na Esta\u00e7\u00e3o S\u00e3o Pedro<\/p><\/div>\n<div id=\"attachment_106702\" style=\"width: 690px\" class=\"wp-caption aligncenter\"><img loading=\"lazy\" decoding=\"async\" aria-describedby=\"caption-attachment-106702\" class=\"wp-image-106702\" src=\"http:\/\/diarioregionaljf.com.br\/wp-content\/uploads\/2018\/06\/fotoj-e1528149525361.jpg\" alt=\"\" width=\"680\" height=\"666\" srcset=\"https:\/\/diarioregionaldigital.com.br\/wp-content\/uploads\/2018\/06\/fotoj-e1528149525361.jpg 715w, https:\/\/diarioregionaldigital.com.br\/wp-content\/uploads\/2018\/06\/fotoj-e1528149525361-300x294.jpg 300w, https:\/\/diarioregionaldigital.com.br\/wp-content\/uploads\/2018\/06\/fotoj-e1528149525361-360x352.jpg 360w\" sizes=\"auto, (max-width: 680px) 100vw, 680px\" \/><p id=\"caption-attachment-106702\" class=\"wp-caption-text\">Lindo casal fazendo a linha boa cerveja, bom churrasco e bons amigos com, Leonardo \u00c1vila e Stephanie Barbosa<\/p><\/div>\n<div id=\"attachment_106703\" style=\"width: 690px\" class=\"wp-caption aligncenter\"><img loading=\"lazy\" decoding=\"async\" aria-describedby=\"caption-attachment-106703\" class=\"wp-image-106703\" src=\"http:\/\/diarioregionaljf.com.br\/wp-content\/uploads\/2018\/06\/fotoh-1-e1528150213606.jpg\" alt=\"\" width=\"680\" height=\"570\" srcset=\"https:\/\/diarioregionaldigital.com.br\/wp-content\/uploads\/2018\/06\/fotoh-1-e1528150213606.jpg 720w, https:\/\/diarioregionaldigital.com.br\/wp-content\/uploads\/2018\/06\/fotoh-1-e1528150213606-300x252.jpg 300w, https:\/\/diarioregionaldigital.com.br\/wp-content\/uploads\/2018\/06\/fotoh-1-e1528150213606-360x302.jpg 360w\" sizes=\"auto, (max-width: 680px) 100vw, 680px\" \/><p id=\"caption-attachment-106703\" class=\"wp-caption-text\">Wesley Moreira evidencia eleg\u00e2ncia em ambiente requintado no Castelo de Itaipava<\/p><\/div>\n<div id=\"attachment_106694\" style=\"width: 690px\" class=\"wp-caption aligncenter\"><img loading=\"lazy\" decoding=\"async\" aria-describedby=\"caption-attachment-106694\" class=\"wp-image-106694\" src=\"http:\/\/diarioregionaljf.com.br\/wp-content\/uploads\/2018\/06\/fotobb-e1528148835420.jpg\" alt=\"\" width=\"680\" height=\"685\" srcset=\"https:\/\/diarioregionaldigital.com.br\/wp-content\/uploads\/2018\/06\/fotobb-e1528148835420.jpg 715w, https:\/\/diarioregionaldigital.com.br\/wp-content\/uploads\/2018\/06\/fotobb-e1528148835420-150x150.jpg 150w, https:\/\/diarioregionaldigital.com.br\/wp-content\/uploads\/2018\/06\/fotobb-e1528148835420-298x300.jpg 298w, https:\/\/diarioregionaldigital.com.br\/wp-content\/uploads\/2018\/06\/fotobb-e1528148835420-180x180.jpg 180w, https:\/\/diarioregionaldigital.com.br\/wp-content\/uploads\/2018\/06\/fotobb-e1528148835420-120x120.jpg 120w, https:\/\/diarioregionaldigital.com.br\/wp-content\/uploads\/2018\/06\/fotobb-e1528148835420-360x363.jpg 360w, https:\/\/diarioregionaldigital.com.br\/wp-content\/uploads\/2018\/06\/fotobb-e1528148835420-80x80.jpg 80w\" sizes=\"auto, (max-width: 680px) 100vw, 680px\" \/><p id=\"caption-attachment-106694\" class=\"wp-caption-text\">O novo modelo fotogr\u00e1fico Josean Pestana exibe tatuagem direto de Miracema (RJ), para esta coluna<\/p><\/div>\n<p style=\"text-align: center;\"><strong>FOTOSS\u00cdNTESE<\/strong><\/p>\n<p>Nesta 5\u00aa feira, no Saloon vai rolar o Boteco do Heitor e Giovanni com DJjs Tyler Alvim e DJ Fernandinho. Transmis\u00e3o do jogo Flamengo e Fluminense.<\/p>\n<p>Aniversariando hoje, 5 de junho, o jornalista do Di\u00e1rio Regional, Douglas Ribeiro. Parab\u00e9ns.<\/p>\n<p>Para o Dia dos Namorados no dia 12 de junho, o Muzik recebe a diva Sandra Portella com o show maravilhoso de seu CD Banho de F\u00e9. Ser\u00e1 a partir das 22h, com super banda e produ\u00e7\u00e3o de Daniel de Mattos.<\/p>\n<p>Din\u00e2mico e atuante, Cl\u00e1udio Lu\u00eds da Silva est\u00e1 comemorando em 2018, 25 anos de sua Livraria Quarup. Durante mais de 40 anos esteve envolvido com artistas e intelectuais da cidade.<\/p>\n<p>Mobilizando passaporte para networking e grandes neg\u00f3cios, vai acontecer de 14 a 17 de junho, o evento Conex\u00e3o Empresarial, na cidade mineira de Tiradentes. Com aval da Revista Viver Brasil, a 9\u00aa Edi\u00e7\u00e3o \u00e9 considerada a maior refer\u00eancia no segmento de eventos corporativos de Minas Gerais.<\/p>\n<p>Para os domingos festivos, o Muzik apresenta, \u00e0s 20h, a temporada de samba com o Grupo Bombocado.<\/p>\n<p>O Museu de Arte Murilo Mendes segue com a exposi\u00e7\u00e3o \u201cJuiz de Fora Verde\u201d, homenagem ao anivers\u00e1rio de 90 anos do movimento liter\u00e1rio \u201cVerde\u201d.<\/p>\n<p>No Forum da Cultura\/UFJF, v\u00e1rios artista locais est\u00e3o recebendo muitos aplausos com os espet\u00e1culos teatrais com \u201cCirco Theatro Brasil\u201d e o \u201cO Rio que queria ser mar\u201d.<\/p>\n<p>Falando de decora\u00e7\u00e3o, voltou a ser moda em Juiz de Fora, os ladrilhos portugueses e os antigos ladrilhos hidr\u00e1ulicos produzidos na extinta f\u00e1brica da Pantaleone Arcuri.<\/p>\n<p>Apresentando pelas escritoras Leila Barbosa e Marisa Timponi, o m\u00e9dico, professor e escritor Artur Laizo tomou posse na Academia Juiz-forana de Letras. Ele est\u00e1 ocupando a cadeira n\u00ba 2, que tem como patrono Francisco Augusto Pinto de Moura.<\/p>\n<p>Professor da Facom, Jorge Felz vai suceder Dmitri Cerboncini Fernandes na dire\u00e7\u00e3o da Editora da UFJF.<\/p>\n<p>Para anotar: \u201cLouco \u00e9 quem diz que n\u00e3o \u00e9 feliz\u201d. Bom dia!<\/p>\n","protected":false},"excerpt":{"rendered":"<p>N\u00e9ctar dos Deuses Entre os dias 8, 9 e 10 de junho, Juiz de Fora recebe o Emp\u00f3rio Wine &amp; Liquor, um evento in\u00e9dito voltado para o mercado de vinho, acess\u00f3rios e equipamentos. O objetivo \u00e9 a degusta\u00e7\u00e3o de vinhos. Pilotada por Jefre Milione, professor na \u00e1rea de gest\u00e3o de neg\u00f3cios, especializado em Gest\u00e3o de [&hellip;]<\/p>\n","protected":false},"author":96,"featured_media":106724,"comment_status":"closed","ping_status":"closed","sticky":false,"template":"","format":"standard","meta":{"footnotes":""},"categories":[264],"tags":[],"class_list":["post-106721","post","type-post","status-publish","format-standard","has-post-thumbnail","hentry","category-eduardo-gomes"],"_links":{"self":[{"href":"https:\/\/diarioregionaldigital.com.br\/index.php?rest_route=\/wp\/v2\/posts\/106721","targetHints":{"allow":["GET"]}}],"collection":[{"href":"https:\/\/diarioregionaldigital.com.br\/index.php?rest_route=\/wp\/v2\/posts"}],"about":[{"href":"https:\/\/diarioregionaldigital.com.br\/index.php?rest_route=\/wp\/v2\/types\/post"}],"author":[{"embeddable":true,"href":"https:\/\/diarioregionaldigital.com.br\/index.php?rest_route=\/wp\/v2\/users\/96"}],"replies":[{"embeddable":true,"href":"https:\/\/diarioregionaldigital.com.br\/index.php?rest_route=%2Fwp%2Fv2%2Fcomments&post=106721"}],"version-history":[{"count":0,"href":"https:\/\/diarioregionaldigital.com.br\/index.php?rest_route=\/wp\/v2\/posts\/106721\/revisions"}],"wp:featuredmedia":[{"embeddable":true,"href":"https:\/\/diarioregionaldigital.com.br\/index.php?rest_route=\/wp\/v2\/media\/106724"}],"wp:attachment":[{"href":"https:\/\/diarioregionaldigital.com.br\/index.php?rest_route=%2Fwp%2Fv2%2Fmedia&parent=106721"}],"wp:term":[{"taxonomy":"category","embeddable":true,"href":"https:\/\/diarioregionaldigital.com.br\/index.php?rest_route=%2Fwp%2Fv2%2Fcategories&post=106721"},{"taxonomy":"post_tag","embeddable":true,"href":"https:\/\/diarioregionaldigital.com.br\/index.php?rest_route=%2Fwp%2Fv2%2Ftags&post=106721"}],"curies":[{"name":"wp","href":"https:\/\/api.w.org\/{rel}","templated":true}]}}