{"id":106677,"date":"2018-06-04T12:02:06","date_gmt":"2018-06-04T15:02:06","guid":{"rendered":"http:\/\/diarioregionaljf.com.br\/?p=106677"},"modified":"2018-06-06T13:22:49","modified_gmt":"2018-06-06T16:22:49","slug":"feira-de-holambra-sera-aberta-na-terca-com-mais-de-200-variedades-de-flores-e-plantas","status":"publish","type":"post","link":"https:\/\/diarioregionaldigital.com.br\/?p=106677","title":{"rendered":"Feira de Holambra ser\u00e1 aberta na ter\u00e7a, com mais de 200 variedades de flores e plantas"},"content":{"rendered":"<p>Ainda no clima de comemora\u00e7\u00e3o pelos 168 anos de Juiz de Fora, completados no \u00faltimo dia 31, a 16\u00aa edi\u00e7\u00e3o da Feira de Holambra ser\u00e1 aberta na pr\u00f3xima ter\u00e7a-feira, 5, Dia do Mundial do Meio Ambiente, na Pra\u00e7a Esta\u00e7\u00e3o, no Centro. At\u00e9 o dia 16 de junho, o p\u00fablico poder\u00e1 visitar o espa\u00e7o gratuitamente e se encantar com mais de 200 esp\u00e9cies de flores, plantas ornamentais, frut\u00edferas e ervas arom\u00e1ticas, que ser\u00e3o comercializadas com pre\u00e7os acess\u00edveis, a partir de R$ 3. A visita\u00e7\u00e3o acontece diariamente das 8h \u00e0s 20h.<\/p>\n<p>Ao adquirir as esp\u00e9cies, os visitantes poder\u00e3o solicitar orienta\u00e7\u00f5es sobre os cuidados necess\u00e1rios, quantidade de \u00e1gua e sol, al\u00e9m de dicas para potencializar o desenvolvimento da planta, como adubagem. Orqu\u00eddeas, rosas, bonsais, ervas arom\u00e1ticas e suculentas est\u00e3o entre as esp\u00e9cies mais procuradas pelos juiz-foranos nas edi\u00e7\u00f5es anteriores do evento. No entanto, o manac\u00e1 da Serra (Tibouchina mutabilis) e a planta carn\u00edvora s\u00e3o os campe\u00f5es de prefer\u00eancia.<\/p>\n<p>A Feira de Holambra integra o Calend\u00e1rio Oficial de Juiz de Fora e \u00e9 promovida pela Uni\u00e3o do Vegetal, com apoio da Prefeitura de Juiz de Fora\/Funalfa. Tradicionalmente, o evento atrai centenas de pessoas todos os dias, com os mais diversos perfis e em todas as faixas et\u00e1rias. Um dos momentos mais esperados \u00e9 o sorteio promocional di\u00e1rio de uma orqu\u00eddea.<\/p>\n<p>Em sua 16\u00aa edi\u00e7\u00e3o, a Feira de Holambra traz uma novidade: a Oficina de Reaproveitamento Ecol\u00f3gico de Material Reciclado. A ideia \u00e9 promover o reuso de embalagens pl\u00e1sticas descart\u00e1veis, transformando-as em regadores. As inscri\u00e7\u00f5es ser\u00e3o feitas na pr\u00f3pria feira, e as aulas acontecem na Associa\u00e7\u00e3o Comercial e Empresarial de Juiz de Fora, tamb\u00e9m na Pra\u00e7a da Esta\u00e7\u00e3o, \u00e0s 15h. A dura\u00e7\u00e3o m\u00e9dia ser\u00e1 de 40 minutos.<\/p>\n<p>Promovida pela Associa\u00e7\u00e3o Novo Encanto de Desenvolvimento Ecol\u00f3gico, em parceria com a Uni\u00e3o do Vegetal, a oficina \u00e9 gratuita. As 20 vagas ofertadas ser\u00e3o preenchidas por ordem de inscri\u00e7\u00e3o. Para participar \u00e9 necess\u00e1rio ter mais de 12 anos. Todo o material necess\u00e1rio ser\u00e1 fornecido pelos organizadores. Caso haja procura, uma nova edi\u00e7\u00e3o do oficina ser\u00e1 agendada.<\/p>\n<p>Fonte: Assessoria \/ PJF<\/p>\n","protected":false},"excerpt":{"rendered":"<p>Ainda no clima de comemora\u00e7\u00e3o pelos 168 anos de Juiz de Fora, completados no \u00faltimo dia 31, a 16\u00aa edi\u00e7\u00e3o da Feira de Holambra ser\u00e1 aberta na pr\u00f3xima ter\u00e7a-feira, 5, Dia do Mundial do Meio Ambiente, na Pra\u00e7a Esta\u00e7\u00e3o, no Centro. At\u00e9 o dia 16 de junho, o p\u00fablico poder\u00e1 visitar o espa\u00e7o gratuitamente e [&hellip;]<\/p>\n","protected":false},"author":96,"featured_media":106679,"comment_status":"closed","ping_status":"closed","sticky":false,"template":"","format":"standard","meta":{"footnotes":""},"categories":[253,436,439],"tags":[],"class_list":["post-106677","post","type-post","status-publish","format-standard","has-post-thumbnail","hentry","category-cidade","category-destaque-da-semana","category-ultima-hora"],"_links":{"self":[{"href":"https:\/\/diarioregionaldigital.com.br\/index.php?rest_route=\/wp\/v2\/posts\/106677","targetHints":{"allow":["GET"]}}],"collection":[{"href":"https:\/\/diarioregionaldigital.com.br\/index.php?rest_route=\/wp\/v2\/posts"}],"about":[{"href":"https:\/\/diarioregionaldigital.com.br\/index.php?rest_route=\/wp\/v2\/types\/post"}],"author":[{"embeddable":true,"href":"https:\/\/diarioregionaldigital.com.br\/index.php?rest_route=\/wp\/v2\/users\/96"}],"replies":[{"embeddable":true,"href":"https:\/\/diarioregionaldigital.com.br\/index.php?rest_route=%2Fwp%2Fv2%2Fcomments&post=106677"}],"version-history":[{"count":0,"href":"https:\/\/diarioregionaldigital.com.br\/index.php?rest_route=\/wp\/v2\/posts\/106677\/revisions"}],"wp:featuredmedia":[{"embeddable":true,"href":"https:\/\/diarioregionaldigital.com.br\/index.php?rest_route=\/wp\/v2\/media\/106679"}],"wp:attachment":[{"href":"https:\/\/diarioregionaldigital.com.br\/index.php?rest_route=%2Fwp%2Fv2%2Fmedia&parent=106677"}],"wp:term":[{"taxonomy":"category","embeddable":true,"href":"https:\/\/diarioregionaldigital.com.br\/index.php?rest_route=%2Fwp%2Fv2%2Fcategories&post=106677"},{"taxonomy":"post_tag","embeddable":true,"href":"https:\/\/diarioregionaldigital.com.br\/index.php?rest_route=%2Fwp%2Fv2%2Ftags&post=106677"}],"curies":[{"name":"wp","href":"https:\/\/api.w.org\/{rel}","templated":true}]}}