{"id":106672,"date":"2018-06-04T11:57:17","date_gmt":"2018-06-04T14:57:17","guid":{"rendered":"http:\/\/diarioregionaljf.com.br\/?p=106672"},"modified":"2018-06-06T13:23:00","modified_gmt":"2018-06-06T16:23:00","slug":"vigilancia-sanitaria-alerta-comerciantes-e-consumidores-apos-retomada-do-abastecimento","status":"publish","type":"post","link":"https:\/\/diarioregionaldigital.com.br\/?p=106672","title":{"rendered":"Vigil\u00e2ncia Sanit\u00e1ria alerta comerciantes e consumidores ap\u00f3s retomada do abastecimento"},"content":{"rendered":"<p>Com a retomada do abastecimento ap\u00f3s o movimento grevista dos caminhoneiros em todo o pa\u00eds, comerciantes e consumidores devem ficar atentos para evitar a compra e o consumo de produtos impr\u00f3prios, que possam impactar a sa\u00fade da popula\u00e7\u00e3o. O alerta \u00e9 do Departamento de Vigil\u00e2ncia Sanit\u00e1ria da Secretaria de Sa\u00fade (SS), que chama a aten\u00e7\u00e3o para a necessidade da observ\u00e2ncia dos crit\u00e9rios t\u00e9cnicos, como a proced\u00eancia dos produtos, condi\u00e7\u00f5es higi\u00eanico-sanit\u00e1rias do ve\u00edculo de transporte, prazos de validade, verifica\u00e7\u00e3o de temperatura especial de conserva\u00e7\u00e3o para produtos como refrigerados e congelados, integridade de embalagens e sinais evidentes de deteriora\u00e7\u00e3o, observando cor, odor e textura.<\/p>\n<p>Dependendo do tipo de produto, a demora pode comprometer sua qualidade, em especial medicamentos e alimentos, tornando-os inadequados para consumo. Para garantir a orienta\u00e7\u00e3o adequada, t\u00e9cnicos da Vigil\u00e2ncia Sanit\u00e1ria est\u00e3o nas ruas, intensificando os trabalhos de orienta\u00e7\u00e3o e vistorias, para atender esses casos.<\/p>\n<p><b>Fa\u00e7a seu check list:<\/b><\/p>\n<p>Estabelecimentos comerciais &#8211; Verificar a qualidade dos produtos no momento da entrega, conferindo a integridade dos alimentos, prazo de validade e condi\u00e7\u00f5es de conserva\u00e7\u00e3o. No caso de congelados, o produto deve permanecer assim durante todo o processo de transporte e comercializa\u00e7\u00e3o. Se ocorrer o descongelamento, ele n\u00e3o pode ser recongelado.<\/p>\n<p>Consumidores- Verificar o aspecto geral do alimento, como colora\u00e7\u00e3o, odor e temperatura, al\u00e9m de data de validade, integridade das embalagens e condi\u00e7\u00f5es de armazenamento.<\/p>\n<p>Se for encontrado algum problema, o consumidor dever\u00e1 entrar em contato com a Vigil\u00e2ncia Sanit\u00e1ria, pelo 3690-7472.<\/p>\n<p>Fonte: Assessoria \/ PJF<\/p>\n","protected":false},"excerpt":{"rendered":"<p>Com a retomada do abastecimento ap\u00f3s o movimento grevista dos caminhoneiros em todo o pa\u00eds, comerciantes e consumidores devem ficar atentos para evitar a compra e o consumo de produtos impr\u00f3prios, que possam impactar a sa\u00fade da popula\u00e7\u00e3o. O alerta \u00e9 do Departamento de Vigil\u00e2ncia Sanit\u00e1ria da Secretaria de Sa\u00fade (SS), que chama a aten\u00e7\u00e3o [&hellip;]<\/p>\n","protected":false},"author":96,"featured_media":106673,"comment_status":"closed","ping_status":"closed","sticky":false,"template":"","format":"standard","meta":{"footnotes":""},"categories":[253,436,440,439],"tags":[],"class_list":["post-106672","post","type-post","status-publish","format-standard","has-post-thumbnail","hentry","category-cidade","category-destaque-da-semana","category-destaques-do-dia","category-ultima-hora"],"_links":{"self":[{"href":"https:\/\/diarioregionaldigital.com.br\/index.php?rest_route=\/wp\/v2\/posts\/106672","targetHints":{"allow":["GET"]}}],"collection":[{"href":"https:\/\/diarioregionaldigital.com.br\/index.php?rest_route=\/wp\/v2\/posts"}],"about":[{"href":"https:\/\/diarioregionaldigital.com.br\/index.php?rest_route=\/wp\/v2\/types\/post"}],"author":[{"embeddable":true,"href":"https:\/\/diarioregionaldigital.com.br\/index.php?rest_route=\/wp\/v2\/users\/96"}],"replies":[{"embeddable":true,"href":"https:\/\/diarioregionaldigital.com.br\/index.php?rest_route=%2Fwp%2Fv2%2Fcomments&post=106672"}],"version-history":[{"count":0,"href":"https:\/\/diarioregionaldigital.com.br\/index.php?rest_route=\/wp\/v2\/posts\/106672\/revisions"}],"wp:featuredmedia":[{"embeddable":true,"href":"https:\/\/diarioregionaldigital.com.br\/index.php?rest_route=\/wp\/v2\/media\/106673"}],"wp:attachment":[{"href":"https:\/\/diarioregionaldigital.com.br\/index.php?rest_route=%2Fwp%2Fv2%2Fmedia&parent=106672"}],"wp:term":[{"taxonomy":"category","embeddable":true,"href":"https:\/\/diarioregionaldigital.com.br\/index.php?rest_route=%2Fwp%2Fv2%2Fcategories&post=106672"},{"taxonomy":"post_tag","embeddable":true,"href":"https:\/\/diarioregionaldigital.com.br\/index.php?rest_route=%2Fwp%2Fv2%2Ftags&post=106672"}],"curies":[{"name":"wp","href":"https:\/\/api.w.org\/{rel}","templated":true}]}}