{"id":106669,"date":"2018-06-04T11:49:19","date_gmt":"2018-06-04T14:49:19","guid":{"rendered":"http:\/\/diarioregionaljf.com.br\/?p=106669"},"modified":"2018-06-04T11:49:19","modified_gmt":"2018-06-04T14:49:19","slug":"ans-suspende-comercializacao-de-31-planos-de-saude-por-reclamacoes","status":"publish","type":"post","link":"https:\/\/diarioregionaldigital.com.br\/?p=106669","title":{"rendered":"ANS suspende comercializa\u00e7\u00e3o de 31 planos de sa\u00fade por reclama\u00e7\u00f5es"},"content":{"rendered":"<p>Doze operadores de sa\u00fade suplementar ser\u00e3o proibidas de comercializar 31 planos de sa\u00fade a partir de sexta-feira, 8. A decis\u00e3o foi tomada pela Ag\u00eancia Nacional de Sa\u00fade Suplementar (ANS), com base em reclama\u00e7\u00f5es recebidas pelo Programa de Monitoramento da Garantia de Atendimento da ag\u00eancia reguladora, durante o primeiro trimestre deste ano.<\/p>\n<p>Foram analisadas cerca de 14 mil reclama\u00e7\u00f5es no per\u00edodo, a maioria (39,53%) por causa de quest\u00f5es gerenciais, como autoriza\u00e7\u00e3o pr\u00e9via, franquia, coparticipa\u00e7\u00e3o etc. Tamb\u00e9m houve grande n\u00famero de problemas relacionados ao rol de procedimentos e coberturas (15,85%) e prazos m\u00e1ximos para atendimento (15,04%).<\/p>\n<p>Os planos atendem a 115,9 mil benefici\u00e1rios, que n\u00e3o s\u00e3o afetados pela medida, uma vez que os planos s\u00e3o obrigados a manter a assist\u00eancia aos clientes. A decis\u00e3o da ANS pro\u00edbe apenas a venda para novos clientes.<\/p>\n<p>A suspens\u00e3o \u00e9 tempor\u00e1ria e pode ser revertida se as operadoras comprovarem melhoria no atendimento nesses planos. Trinta e tr\u00eas planos de 16 operadoras, que haviam sido suspensos anteriormente, por exemplo, ser\u00e3o reativados a partir de sexta-feira.<\/p>\n<p>Fonte: Ag\u00eancia Brasil<\/p>\n","protected":false},"excerpt":{"rendered":"<p>Doze operadores de sa\u00fade suplementar ser\u00e3o proibidas de comercializar 31 planos de sa\u00fade a partir de sexta-feira, 8. A decis\u00e3o foi tomada pela Ag\u00eancia Nacional de Sa\u00fade Suplementar (ANS), com base em reclama\u00e7\u00f5es recebidas pelo Programa de Monitoramento da Garantia de Atendimento da ag\u00eancia reguladora, durante o primeiro trimestre deste ano. Foram analisadas cerca de [&hellip;]<\/p>\n","protected":false},"author":96,"featured_media":106670,"comment_status":"closed","ping_status":"closed","sticky":false,"template":"","format":"standard","meta":{"footnotes":""},"categories":[302,436,439],"tags":[],"class_list":["post-106669","post","type-post","status-publish","format-standard","has-post-thumbnail","hentry","category-brasil-mundo","category-destaque-da-semana","category-ultima-hora"],"_links":{"self":[{"href":"https:\/\/diarioregionaldigital.com.br\/index.php?rest_route=\/wp\/v2\/posts\/106669","targetHints":{"allow":["GET"]}}],"collection":[{"href":"https:\/\/diarioregionaldigital.com.br\/index.php?rest_route=\/wp\/v2\/posts"}],"about":[{"href":"https:\/\/diarioregionaldigital.com.br\/index.php?rest_route=\/wp\/v2\/types\/post"}],"author":[{"embeddable":true,"href":"https:\/\/diarioregionaldigital.com.br\/index.php?rest_route=\/wp\/v2\/users\/96"}],"replies":[{"embeddable":true,"href":"https:\/\/diarioregionaldigital.com.br\/index.php?rest_route=%2Fwp%2Fv2%2Fcomments&post=106669"}],"version-history":[{"count":0,"href":"https:\/\/diarioregionaldigital.com.br\/index.php?rest_route=\/wp\/v2\/posts\/106669\/revisions"}],"wp:featuredmedia":[{"embeddable":true,"href":"https:\/\/diarioregionaldigital.com.br\/index.php?rest_route=\/wp\/v2\/media\/106670"}],"wp:attachment":[{"href":"https:\/\/diarioregionaldigital.com.br\/index.php?rest_route=%2Fwp%2Fv2%2Fmedia&parent=106669"}],"wp:term":[{"taxonomy":"category","embeddable":true,"href":"https:\/\/diarioregionaldigital.com.br\/index.php?rest_route=%2Fwp%2Fv2%2Fcategories&post=106669"},{"taxonomy":"post_tag","embeddable":true,"href":"https:\/\/diarioregionaldigital.com.br\/index.php?rest_route=%2Fwp%2Fv2%2Ftags&post=106669"}],"curies":[{"name":"wp","href":"https:\/\/api.w.org\/{rel}","templated":true}]}}