{"id":106666,"date":"2018-06-04T11:56:51","date_gmt":"2018-06-04T14:56:51","guid":{"rendered":"http:\/\/diarioregionaljf.com.br\/?p=106666"},"modified":"2018-06-04T11:57:32","modified_gmt":"2018-06-04T14:57:32","slug":"adaptacao-do-classico-a-bela-e-a-fera-anima-garotada-no-diversao-em-cena-arcelormittal","status":"publish","type":"post","link":"https:\/\/diarioregionaldigital.com.br\/?p=106666","title":{"rendered":"Adapta\u00e7\u00e3o do cl\u00e1ssico &#8216;A Bela e a Fera&#8217; anima garotada no Divers\u00e3o em Cena ArcelorMittal"},"content":{"rendered":"<p>A vers\u00e3o da Cia. Abra\u00e7\u00e3o para o cl\u00e1ssico &#8216;A Bela e a Fera&#8217; \u00e9 a novidade nos palcos do Divers\u00e3o em Cena ArcelorMittal, em Juiz de Fora, no m\u00eas de junho. A companhia adaptou o cl\u00e1ssico infantil ao contexto brasileiro dos bailes de Carnaval. O espet\u00e1culo ser\u00e1 encenado no dia 10 de junho (domingo), \u00e0s 16h, no Teatro Solar.<\/p>\n<p>A pe\u00e7a conta a hist\u00f3ria de Bela, que pede ao seu pai &#8211; \u00a0um ex-compositor de sambas e agora caixeiro viajante &#8211; que a d\u00ea o samba da Rosa de presente. Infortunadamente, o homem escuta o samba vindo do castelo de uma terr\u00edvel Fera, e partir da\u00ed se desenrola todo o enredo e a trama j\u00e1 conhecida do cl\u00e1ssico infantil. Com todas as caracter\u00edsticas culturais, c\u00f3digos e musicalidade do Carnaval brasileiro, o espet\u00e1culo atravessa do samba ao frevo, e utiliza de todas as alegorias da festa mais tradicional do pa\u00eds, que s\u00e3o exploradas ao vivo pelos atores.<\/p>\n<p>Considerado o maior programa nacional de forma\u00e7\u00e3o de p\u00fablico infantil no Brasil, o Divers\u00e3o em Cena ArcelorMittal \u00e9 viabilizado por meio da Lei Estadual de Incentivo \u00e0 Cultura e tem o objetivo de contribuir para a forma\u00e7\u00e3o de p\u00fablico para teatro, oferecendo espet\u00e1culos de qualidade. Em uma maratona cultural, o projeto traz a Juiz de Fora, at\u00e9 novembro, uma programa\u00e7\u00e3o com espet\u00e1culos infantis todos os domingos. A agenda completa est\u00e1 dispon\u00edvel no <a href=\"http:\/\/www.fundacaoarcelormittalbr.org.br\/arte-e-cultura\/diversao-em-cena-arcelormittal\" target=\"_blank\" rel=\"noopener\">site<\/a>.<\/p>\n<p>&nbsp;<\/p>\n<p><strong>\u00a0&#8216;A Bela e a Fera&#8217;<\/strong><\/p>\n<p><strong>\u00a0<\/strong><strong>Data: <\/strong>10 de junho &#8211; Domingo<\/p>\n<p><strong>Hor\u00e1rio: <\/strong>16h<\/p>\n<p><strong>Local: <\/strong>Teatro Solar | Av. Presidente Itamar Franco, n\u00ba 2104 &#8211; S\u00e3o Mateus &#8211; Juiz de Fora, MG<\/p>\n<p><strong>Indica\u00e7\u00e3o et\u00e1ria: <\/strong>4 anos<\/p>\n<p><strong>Entrada gratuita<\/strong><\/p>\n<p><strong><u>\u00a0<\/u><\/strong><\/p>\n<p>Fonte: Assessoria<\/p>\n","protected":false},"excerpt":{"rendered":"<p>A vers\u00e3o da Cia. Abra\u00e7\u00e3o para o cl\u00e1ssico &#8216;A Bela e a Fera&#8217; \u00e9 a novidade nos palcos do Divers\u00e3o em Cena ArcelorMittal, em Juiz de Fora, no m\u00eas de junho. A companhia adaptou o cl\u00e1ssico infantil ao contexto brasileiro dos bailes de Carnaval. O espet\u00e1culo ser\u00e1 encenado no dia 10 de junho (domingo), \u00e0s [&hellip;]<\/p>\n","protected":false},"author":96,"featured_media":106674,"comment_status":"closed","ping_status":"closed","sticky":false,"template":"","format":"standard","meta":{"footnotes":""},"categories":[253,439],"tags":[],"class_list":["post-106666","post","type-post","status-publish","format-standard","has-post-thumbnail","hentry","category-cidade","category-ultima-hora"],"_links":{"self":[{"href":"https:\/\/diarioregionaldigital.com.br\/index.php?rest_route=\/wp\/v2\/posts\/106666","targetHints":{"allow":["GET"]}}],"collection":[{"href":"https:\/\/diarioregionaldigital.com.br\/index.php?rest_route=\/wp\/v2\/posts"}],"about":[{"href":"https:\/\/diarioregionaldigital.com.br\/index.php?rest_route=\/wp\/v2\/types\/post"}],"author":[{"embeddable":true,"href":"https:\/\/diarioregionaldigital.com.br\/index.php?rest_route=\/wp\/v2\/users\/96"}],"replies":[{"embeddable":true,"href":"https:\/\/diarioregionaldigital.com.br\/index.php?rest_route=%2Fwp%2Fv2%2Fcomments&post=106666"}],"version-history":[{"count":0,"href":"https:\/\/diarioregionaldigital.com.br\/index.php?rest_route=\/wp\/v2\/posts\/106666\/revisions"}],"wp:featuredmedia":[{"embeddable":true,"href":"https:\/\/diarioregionaldigital.com.br\/index.php?rest_route=\/wp\/v2\/media\/106674"}],"wp:attachment":[{"href":"https:\/\/diarioregionaldigital.com.br\/index.php?rest_route=%2Fwp%2Fv2%2Fmedia&parent=106666"}],"wp:term":[{"taxonomy":"category","embeddable":true,"href":"https:\/\/diarioregionaldigital.com.br\/index.php?rest_route=%2Fwp%2Fv2%2Fcategories&post=106666"},{"taxonomy":"post_tag","embeddable":true,"href":"https:\/\/diarioregionaldigital.com.br\/index.php?rest_route=%2Fwp%2Fv2%2Ftags&post=106666"}],"curies":[{"name":"wp","href":"https:\/\/api.w.org\/{rel}","templated":true}]}}