{"id":106663,"date":"2018-06-04T11:35:10","date_gmt":"2018-06-04T14:35:10","guid":{"rendered":"http:\/\/diarioregionaljf.com.br\/?p=106663"},"modified":"2018-06-04T11:39:01","modified_gmt":"2018-06-04T14:39:01","slug":"mercado-financeiro-preve-menor-crescimento-do-pib-e-inflacao-maior","status":"publish","type":"post","link":"https:\/\/diarioregionaldigital.com.br\/?p=106663","title":{"rendered":"Mercado financeiro prev\u00ea menor crescimento do PIB e infla\u00e7\u00e3o maior"},"content":{"rendered":"<p>O mercado financeiro continua reduzindo a proje\u00e7\u00e3o para o crescimento da economia e aumentando a estimativa de infla\u00e7\u00e3o.<\/p>\n<p>De acordo com o Boletim Focus, publica\u00e7\u00e3o divulgada na internet todas as semanas pelo Banco Central (BC), a proje\u00e7\u00e3o para a expans\u00e3o do Produto Interno Bruto (PIB) &#8211; a soma de todos os bens e servi\u00e7os produzidos no pa\u00eds &#8211; passou de 2,37% para 2,18%. Essa foi a quinta redu\u00e7\u00e3o seguida. Para 2019, a previs\u00e3o permanece em 3% h\u00e1 18 semanas consecutivas.<\/p>\n<p>A estimativa para o \u00cdndice Nacional de Pre\u00e7os ao Consumidor Amplo (IPCA) subiu de 3,60% para 3,65% neste ano no terceiro aumento seguido. Para 2019, a proje\u00e7\u00e3o foi ajustada de 4% para 4,01%.<\/p>\n<p>Mesmo assim, a expectativa para a infla\u00e7\u00e3o permanece abaixo da meta, que \u00e9 4,5%, com limite inferior de 3% e superior de 6%. Para 2019, a meta \u00e9 4,25%, com intervalo de toler\u00e2ncia entre 2,75% e 5,75%.<\/p>\n<p>&nbsp;<\/p>\n<p><strong><span style=\"font-size: 12pt;\">TAXA B\u00c1SICA DE JUROS<\/span><\/strong><\/p>\n<p>Para alcan\u00e7ar a meta, o BC usa como principal instrumento a taxa b\u00e1sica de juros, a Selic, atualmente em 6,50% ao ano. Quando o Comit\u00ea de Pol\u00edtica Monet\u00e1ria (Copom) do BC aumenta a Selic, o objetivo \u00e9 conter a demanda aquecida, e isso causa reflexos nos pre\u00e7os porque os juros mais altos encarecem o cr\u00e9dito e estimulam a poupan\u00e7a.<\/p>\n<p>Quando o Copom diminui os juros b\u00e1sicos, a tend\u00eancia \u00e9 que o cr\u00e9dito fique mais barato, com incentivo \u00e0 produ\u00e7\u00e3o e ao consumo, reduzindo o controle da infla\u00e7\u00e3o.<\/p>\n<p>Para cortar a Selic, o BC precisa estar seguro de que os pre\u00e7os est\u00e3o sob controle e n\u00e3o correm risco de subir. A manuten\u00e7\u00e3o da Selic, como prev\u00ea o mercado financeiro este ano, indica que o Copom considera que altera\u00e7\u00f5es anteriores foram suficientes para chegar \u00e0 meta.<\/p>\n<p>Para o mercado, a Selic deve permanecer em 6,50% ao ano at\u00e9 o fim de 2018 e subir ao longo de 2019, encerrando o per\u00edodo em 8% ao ano.<\/p>\n<p>&nbsp;<\/p>\n<p><strong><span style=\"font-size: 12pt;\">D\u00d3LAR<\/span><\/strong><\/p>\n<p>A previs\u00e3o para a cota\u00e7\u00e3o do d\u00f3lar no fim do ano subiu de R$3,48 para R$3,50. Para o fim de 2019, passou de R$3,47 para R$3,50.<\/p>\n<p>A proje\u00e7\u00e3o para o super\u00e1vit comercial subiu de US$57,15 bilh\u00f5es para US$57 bilh\u00f5es neste ano, e de US$49,80 bilh\u00f5es para US$49,30 em 2019.<\/p>\n<p>&nbsp;<\/p>\n<p>Fonte: Ag\u00eancia Brasil<\/p>\n","protected":false},"excerpt":{"rendered":"<p>O mercado financeiro continua reduzindo a proje\u00e7\u00e3o para o crescimento da economia e aumentando a estimativa de infla\u00e7\u00e3o. De acordo com o Boletim Focus, publica\u00e7\u00e3o divulgada na internet todas as semanas pelo Banco Central (BC), a proje\u00e7\u00e3o para a expans\u00e3o do Produto Interno Bruto (PIB) &#8211; a soma de todos os bens e servi\u00e7os produzidos [&hellip;]<\/p>\n","protected":false},"author":96,"featured_media":105072,"comment_status":"closed","ping_status":"closed","sticky":false,"template":"","format":"standard","meta":{"footnotes":""},"categories":[261,439],"tags":[],"class_list":["post-106663","post","type-post","status-publish","format-standard","has-post-thumbnail","hentry","category-economia","category-ultima-hora"],"_links":{"self":[{"href":"https:\/\/diarioregionaldigital.com.br\/index.php?rest_route=\/wp\/v2\/posts\/106663","targetHints":{"allow":["GET"]}}],"collection":[{"href":"https:\/\/diarioregionaldigital.com.br\/index.php?rest_route=\/wp\/v2\/posts"}],"about":[{"href":"https:\/\/diarioregionaldigital.com.br\/index.php?rest_route=\/wp\/v2\/types\/post"}],"author":[{"embeddable":true,"href":"https:\/\/diarioregionaldigital.com.br\/index.php?rest_route=\/wp\/v2\/users\/96"}],"replies":[{"embeddable":true,"href":"https:\/\/diarioregionaldigital.com.br\/index.php?rest_route=%2Fwp%2Fv2%2Fcomments&post=106663"}],"version-history":[{"count":0,"href":"https:\/\/diarioregionaldigital.com.br\/index.php?rest_route=\/wp\/v2\/posts\/106663\/revisions"}],"wp:featuredmedia":[{"embeddable":true,"href":"https:\/\/diarioregionaldigital.com.br\/index.php?rest_route=\/wp\/v2\/media\/105072"}],"wp:attachment":[{"href":"https:\/\/diarioregionaldigital.com.br\/index.php?rest_route=%2Fwp%2Fv2%2Fmedia&parent=106663"}],"wp:term":[{"taxonomy":"category","embeddable":true,"href":"https:\/\/diarioregionaldigital.com.br\/index.php?rest_route=%2Fwp%2Fv2%2Fcategories&post=106663"},{"taxonomy":"post_tag","embeddable":true,"href":"https:\/\/diarioregionaldigital.com.br\/index.php?rest_route=%2Fwp%2Fv2%2Ftags&post=106663"}],"curies":[{"name":"wp","href":"https:\/\/api.w.org\/{rel}","templated":true}]}}