{"id":106660,"date":"2018-06-04T11:23:15","date_gmt":"2018-06-04T14:23:15","guid":{"rendered":"http:\/\/diarioregionaljf.com.br\/?p=106660"},"modified":"2018-06-04T11:24:57","modified_gmt":"2018-06-04T14:24:57","slug":"inflacao-medida-pelo-ipc-s-sobe-para-041-em-maio","status":"publish","type":"post","link":"https:\/\/diarioregionaldigital.com.br\/?p=106660","title":{"rendered":"Infla\u00e7\u00e3o medida pelo IPC-S sobe para 0,41% em maio"},"content":{"rendered":"<p>A infla\u00e7\u00e3o, medida pelo \u00cdndice de Pre\u00e7os ao Consumidor Semanal (IPC-S), subiu de 0,34% em abril para 0,41% em maio deste ano. O dado foi divulgado hoje, 4, no Rio de Janeiro, pela Funda\u00e7\u00e3o Getulio Vargas (FGV). Tr\u00eas grupos de despesas tiveram alta na taxa de infla\u00e7\u00e3o de abril para maio.<\/p>\n<p>Os transportes subiram de 0,07% para 0,48%. A gasolina foi o item que teve maior impacto na alta do grupo, com infla\u00e7\u00e3o de 2,57% em maio.<\/p>\n<p>&nbsp;<\/p>\n<p><strong><span style=\"font-size: 12pt;\">MAIS ALTAS<\/span><\/strong><\/p>\n<p>Os custos com habita\u00e7\u00e3o registraram aumento de 0,73% em maio, acima da taxa de 0,26% de abril. O principal impacto nesse grupo de despesas veio da eletricidade residencial, com infla\u00e7\u00e3o de 3,94% no m\u00eas. O outro grupo com alta foi comunica\u00e7\u00e3o, que subiu de 0,07% para 0,20%.<\/p>\n<p>Os demais grupos tiveram recuo na taxa: sa\u00fade e cuidados pessoais (de 1,12% para 0,70%), alimenta\u00e7\u00e3o (de 0,29% para 0,24%), educa\u00e7\u00e3o, leitura e recrea\u00e7\u00e3o (de 0,12% para -0,37%), vestu\u00e1rio (de 0,60% para 0,41%) e despesas diversas (de 0,13% para 0,06%).<\/p>\n<p>&nbsp;<\/p>\n<p>Fonte: Ag\u00eancia Brasil<\/p>\n","protected":false},"excerpt":{"rendered":"<p>A infla\u00e7\u00e3o, medida pelo \u00cdndice de Pre\u00e7os ao Consumidor Semanal (IPC-S), subiu de 0,34% em abril para 0,41% em maio deste ano. O dado foi divulgado hoje, 4, no Rio de Janeiro, pela Funda\u00e7\u00e3o Getulio Vargas (FGV). Tr\u00eas grupos de despesas tiveram alta na taxa de infla\u00e7\u00e3o de abril para maio. Os transportes subiram de [&hellip;]<\/p>\n","protected":false},"author":96,"featured_media":106661,"comment_status":"closed","ping_status":"closed","sticky":false,"template":"","format":"standard","meta":{"footnotes":""},"categories":[436,261],"tags":[],"class_list":["post-106660","post","type-post","status-publish","format-standard","has-post-thumbnail","hentry","category-destaque-da-semana","category-economia"],"_links":{"self":[{"href":"https:\/\/diarioregionaldigital.com.br\/index.php?rest_route=\/wp\/v2\/posts\/106660","targetHints":{"allow":["GET"]}}],"collection":[{"href":"https:\/\/diarioregionaldigital.com.br\/index.php?rest_route=\/wp\/v2\/posts"}],"about":[{"href":"https:\/\/diarioregionaldigital.com.br\/index.php?rest_route=\/wp\/v2\/types\/post"}],"author":[{"embeddable":true,"href":"https:\/\/diarioregionaldigital.com.br\/index.php?rest_route=\/wp\/v2\/users\/96"}],"replies":[{"embeddable":true,"href":"https:\/\/diarioregionaldigital.com.br\/index.php?rest_route=%2Fwp%2Fv2%2Fcomments&post=106660"}],"version-history":[{"count":0,"href":"https:\/\/diarioregionaldigital.com.br\/index.php?rest_route=\/wp\/v2\/posts\/106660\/revisions"}],"wp:featuredmedia":[{"embeddable":true,"href":"https:\/\/diarioregionaldigital.com.br\/index.php?rest_route=\/wp\/v2\/media\/106661"}],"wp:attachment":[{"href":"https:\/\/diarioregionaldigital.com.br\/index.php?rest_route=%2Fwp%2Fv2%2Fmedia&parent=106660"}],"wp:term":[{"taxonomy":"category","embeddable":true,"href":"https:\/\/diarioregionaldigital.com.br\/index.php?rest_route=%2Fwp%2Fv2%2Fcategories&post=106660"},{"taxonomy":"post_tag","embeddable":true,"href":"https:\/\/diarioregionaldigital.com.br\/index.php?rest_route=%2Fwp%2Fv2%2Ftags&post=106660"}],"curies":[{"name":"wp","href":"https:\/\/api.w.org\/{rel}","templated":true}]}}