{"id":106655,"date":"2018-06-04T11:15:57","date_gmt":"2018-06-04T14:15:57","guid":{"rendered":"http:\/\/diarioregionaljf.com.br\/?p=106655"},"modified":"2018-06-04T11:18:47","modified_gmt":"2018-06-04T14:18:47","slug":"corpo-de-homem-atropelado-por-trem-continua-sem-identificacao-no-iml","status":"publish","type":"post","link":"https:\/\/diarioregionaldigital.com.br\/?p=106655","title":{"rendered":"Corpo de homem atropelado por trem continua sem identifica\u00e7\u00e3o no IML"},"content":{"rendered":"<p>A Pol\u00edcia Militar (PM) informou que continua sem identifica\u00e7\u00e3o o corpo de um homem<a href=\"https:\/\/diarioregionaldigital.com.br\/2018\/06\/02\/homem-morre-apos-ser-atropelado-por-trem-no-centro-de-juiz-de-fora\/\"> atropelado por trem no \u00faltimo dia 2 de junho<\/a>, em uma passagem de n\u00edvel, na Rua Halfeld com a Avenida Francisco Bernardino, regi\u00e3o central da cidade.<\/p>\n<p>De acordo com informa\u00e7\u00f5es da PM, o homem tem idade aparente de 35 anos, \u00e9 negro, possui 1,68m, dentes em mau estado de conserva\u00e7\u00e3o, olhos castanhos escuros, tatuagem de le\u00e3o no bra\u00e7o direito.<\/p>\n<p>A PM solicita que qualquer pessoa que tenha informa\u00e7\u00e3o que ajude na identifica\u00e7\u00e3o do corpo, que compare\u00e7a ao Instituto M\u00e9dico Legal (IML), localizado na Rua Professora Carolina Coelho, 56, no bairro Granbery, regi\u00e3o central da cidade.<\/p>\n","protected":false},"excerpt":{"rendered":"<p>A Pol\u00edcia Militar (PM) informou que continua sem identifica\u00e7\u00e3o o corpo de um homem atropelado por trem no \u00faltimo dia 2 de junho, em uma passagem de n\u00edvel, na Rua Halfeld com a Avenida Francisco Bernardino, regi\u00e3o central da cidade. De acordo com informa\u00e7\u00f5es da PM, o homem tem idade aparente de 35 anos, \u00e9 [&hellip;]<\/p>\n","protected":false},"author":96,"featured_media":95836,"comment_status":"closed","ping_status":"closed","sticky":false,"template":"","format":"standard","meta":{"footnotes":""},"categories":[301,439],"tags":[],"class_list":["post-106655","post","type-post","status-publish","format-standard","has-post-thumbnail","hentry","category-artigos-policiais","category-ultima-hora"],"_links":{"self":[{"href":"https:\/\/diarioregionaldigital.com.br\/index.php?rest_route=\/wp\/v2\/posts\/106655","targetHints":{"allow":["GET"]}}],"collection":[{"href":"https:\/\/diarioregionaldigital.com.br\/index.php?rest_route=\/wp\/v2\/posts"}],"about":[{"href":"https:\/\/diarioregionaldigital.com.br\/index.php?rest_route=\/wp\/v2\/types\/post"}],"author":[{"embeddable":true,"href":"https:\/\/diarioregionaldigital.com.br\/index.php?rest_route=\/wp\/v2\/users\/96"}],"replies":[{"embeddable":true,"href":"https:\/\/diarioregionaldigital.com.br\/index.php?rest_route=%2Fwp%2Fv2%2Fcomments&post=106655"}],"version-history":[{"count":0,"href":"https:\/\/diarioregionaldigital.com.br\/index.php?rest_route=\/wp\/v2\/posts\/106655\/revisions"}],"wp:featuredmedia":[{"embeddable":true,"href":"https:\/\/diarioregionaldigital.com.br\/index.php?rest_route=\/wp\/v2\/media\/95836"}],"wp:attachment":[{"href":"https:\/\/diarioregionaldigital.com.br\/index.php?rest_route=%2Fwp%2Fv2%2Fmedia&parent=106655"}],"wp:term":[{"taxonomy":"category","embeddable":true,"href":"https:\/\/diarioregionaldigital.com.br\/index.php?rest_route=%2Fwp%2Fv2%2Fcategories&post=106655"},{"taxonomy":"post_tag","embeddable":true,"href":"https:\/\/diarioregionaldigital.com.br\/index.php?rest_route=%2Fwp%2Fv2%2Ftags&post=106655"}],"curies":[{"name":"wp","href":"https:\/\/api.w.org\/{rel}","templated":true}]}}