{"id":106651,"date":"2018-06-04T10:42:06","date_gmt":"2018-06-04T13:42:06","guid":{"rendered":"http:\/\/diarioregionaljf.com.br\/?p=106651"},"modified":"2018-06-06T11:01:18","modified_gmt":"2018-06-06T14:01:18","slug":"corpo-de-mulher-encontrado-com-rosto-queimado-segue-sem-identificacao","status":"publish","type":"post","link":"https:\/\/diarioregionaldigital.com.br\/?p=106651","title":{"rendered":"Corpo de mulher encontrado com rosto queimado segue sem identifica\u00e7\u00e3o"},"content":{"rendered":"<p>Segue sem identifica\u00e7\u00e3o o corpo de uma mulher, <a href=\"https:\/\/diarioregionaldigital.com.br\/2018\/06\/01\/mulher-e-encontrada-morta-com-o-rosto-queimado-e-sinais-de-violencia\/\">encontrado com rosto queimado no \u00faltimo dia 31 de maio<\/a>, na Avenida Prefeito Mello Reis, bairro Aeroporto, zona Sul.<\/p>\n<p>De acordo com informa\u00e7\u00f5es da Pol\u00edcia Civil (PC), a v\u00edtima teria possivelmente entre 30 e 40 anos, aproximadamente 1,70 m, dentes completos e em bom estado, cor branca e possu\u00eda pr\u00f3tese de silicone. N\u00e3o tinha nenhuma tatuagem.<\/p>\n<p>A PC solicita que qualquer pessoa que tenha informa\u00e7\u00e3o que ajude na identifica\u00e7\u00e3o do corpo, que compare\u00e7a ao Instituto M\u00e9dico Legal (IML), localizado na Rua Professora Carolina Coelho, 56, no bairro Granbery, regi\u00e3o central da cidade.<\/p>\n<p>&nbsp;<\/p>\n","protected":false},"excerpt":{"rendered":"<p>Segue sem identifica\u00e7\u00e3o o corpo de uma mulher, encontrado com rosto queimado no \u00faltimo dia 31 de maio, na Avenida Prefeito Mello Reis, bairro Aeroporto, zona Sul. De acordo com informa\u00e7\u00f5es da Pol\u00edcia Civil (PC), a v\u00edtima teria possivelmente entre 30 e 40 anos, aproximadamente 1,70 m, dentes completos e em bom estado, cor branca [&hellip;]<\/p>\n","protected":false},"author":96,"featured_media":97342,"comment_status":"closed","ping_status":"closed","sticky":false,"template":"","format":"standard","meta":{"footnotes":""},"categories":[301,439],"tags":[],"class_list":["post-106651","post","type-post","status-publish","format-standard","has-post-thumbnail","hentry","category-artigos-policiais","category-ultima-hora"],"_links":{"self":[{"href":"https:\/\/diarioregionaldigital.com.br\/index.php?rest_route=\/wp\/v2\/posts\/106651","targetHints":{"allow":["GET"]}}],"collection":[{"href":"https:\/\/diarioregionaldigital.com.br\/index.php?rest_route=\/wp\/v2\/posts"}],"about":[{"href":"https:\/\/diarioregionaldigital.com.br\/index.php?rest_route=\/wp\/v2\/types\/post"}],"author":[{"embeddable":true,"href":"https:\/\/diarioregionaldigital.com.br\/index.php?rest_route=\/wp\/v2\/users\/96"}],"replies":[{"embeddable":true,"href":"https:\/\/diarioregionaldigital.com.br\/index.php?rest_route=%2Fwp%2Fv2%2Fcomments&post=106651"}],"version-history":[{"count":0,"href":"https:\/\/diarioregionaldigital.com.br\/index.php?rest_route=\/wp\/v2\/posts\/106651\/revisions"}],"wp:featuredmedia":[{"embeddable":true,"href":"https:\/\/diarioregionaldigital.com.br\/index.php?rest_route=\/wp\/v2\/media\/97342"}],"wp:attachment":[{"href":"https:\/\/diarioregionaldigital.com.br\/index.php?rest_route=%2Fwp%2Fv2%2Fmedia&parent=106651"}],"wp:term":[{"taxonomy":"category","embeddable":true,"href":"https:\/\/diarioregionaldigital.com.br\/index.php?rest_route=%2Fwp%2Fv2%2Fcategories&post=106651"},{"taxonomy":"post_tag","embeddable":true,"href":"https:\/\/diarioregionaldigital.com.br\/index.php?rest_route=%2Fwp%2Fv2%2Ftags&post=106651"}],"curies":[{"name":"wp","href":"https:\/\/api.w.org\/{rel}","templated":true}]}}