{"id":106645,"date":"2018-06-04T09:46:03","date_gmt":"2018-06-04T12:46:03","guid":{"rendered":"http:\/\/diarioregionaljf.com.br\/?p=106645"},"modified":"2018-06-04T11:19:16","modified_gmt":"2018-06-04T14:19:16","slug":"conscientizacao-politica-marca-22a-edicao-da-parada-lgbt-em-sao-paulo","status":"publish","type":"post","link":"https:\/\/diarioregionaldigital.com.br\/?p=106645","title":{"rendered":"Conscientiza\u00e7\u00e3o pol\u00edtica marca 22\u00aa edi\u00e7\u00e3o da Parada LGBT em S\u00e3o Paulo"},"content":{"rendered":"<p>A 22\u00aa edi\u00e7\u00e3o da Parada do Orgulho LGBTI \u2013 L\u00e9sbicas, Gays, Bissexuais, Travestis, Transexuais, Transg\u00eaneros, Intersexos e outros \u2013 abordou este ano a conscientiza\u00e7\u00e3o pol\u00edtica, devido \u00e0 proximidade das elei\u00e7\u00f5es. Apesar do frio e do clima de garoa, o p\u00fablico se concentrou na Avenida Paulista a partir das 10h desse domingo, 3.<\/p>\n<p>\u201cQueremos que as propostas [dos candidatos] sejam feitas em conjunto com a comunidade e que contemplem as sexualidades monodissedentes e\u00a0as multisexualidades, e n\u00e3o somente gays e l\u00e9sbicas. Precisamos de pol\u00edticas que v\u00e3o al\u00e9m, que se escute a popula\u00e7\u00e3o n\u00e3o bin\u00e1ria, a popula\u00e7\u00e3o transsexual e bissexual\u201d, disse Marco Ant\u00f4nio Silva, J\u00fanior, 25 anos, administrador.<\/p>\n<p>Fl\u00e1via Santana, 38 anos, auxiliar administrativo, destacou a import\u00e2ncia de propostas para a sa\u00fade LGBT. \u201cQueremos pol\u00edticas de sa\u00fade. Os profissionais dessa \u00e1rea n\u00e3o est\u00e3o preparados para lidar com essa popula\u00e7\u00e3o. Somos\u00a0v\u00edtimas n\u00e3o s\u00f3 de viol\u00eancia f\u00edsica, mas, sobretudo, psicol\u00f3gica. Os consult\u00f3rios psiqui\u00e1tricos est\u00e3o despreparados para nos receber\u201d, afirmou.<\/p>\n<p><strong>Greve dos caminhoneiros\u00a0<\/strong><\/p>\n<p>Como consequ\u00eancia da greve dos caminhoneiros, a ocupa\u00e7\u00e3o dos hot\u00e9is de turistas que viajam para participar da Parada LGBTI reduziu de 90% no ano passado para 50% este ano, segundo dados da\u00a0prefeitura paulistana.<\/p>\n<p>A Federa\u00e7\u00e3o do Com\u00e9rcio de Bens, Servi\u00e7os e Turismo do Estado de S\u00e3o Paulo estimou uma perda de R$ 104 milh\u00f5es no faturamento com o turismo neste feriado. O n\u00famero oficial de participantes no evento\u00a0n\u00e3o foi divulgado.<\/p>\n<p>\u201cApesar da expectativa de queda de p\u00fablico\u00a0por conta da crise de abastecimento, mantevivemos a estrutura necess\u00e1ria para o evento do tamanho da do ano passado\u201d, disse o prefeito Bruno Covas.<\/p>\n<p>A prefeitura montou\u00a0900 banheiros qu\u00edmicos e distribuiu\u00a0mais de 550 mil preservativos ppor meio do\u00a0Programa Municipal de Doen\u00e7as Sexualmente Transmiss\u00edveis e Aids. Al\u00e9m disso, foram montados\u00a039 bloqueios ao longo da Avenida Paulista para coibir o com\u00e9rcio ilegal de bebidas.<\/p>\n<p>A festa tamb\u00e9m foi\u00a0marcada por apresenta\u00e7\u00f5es musicais, entre elas a da cantora Pabllo Vittar e pelo discurso da\u00a0arquiteta M\u00f4nica Ben\u00edcio, vi\u00fava da vereadora carioca Marielle Franco.<\/p>\n<p>Fonte: Ag\u00eancia Brasil<\/p>\n","protected":false},"excerpt":{"rendered":"<p>A 22\u00aa edi\u00e7\u00e3o da Parada do Orgulho LGBTI \u2013 L\u00e9sbicas, Gays, Bissexuais, Travestis, Transexuais, Transg\u00eaneros, Intersexos e outros \u2013 abordou este ano a conscientiza\u00e7\u00e3o pol\u00edtica, devido \u00e0 proximidade das elei\u00e7\u00f5es. Apesar do frio e do clima de garoa, o p\u00fablico se concentrou na Avenida Paulista a partir das 10h desse domingo, 3. \u201cQueremos que as [&hellip;]<\/p>\n","protected":false},"author":96,"featured_media":106647,"comment_status":"closed","ping_status":"closed","sticky":false,"template":"","format":"standard","meta":{"footnotes":""},"categories":[302,439],"tags":[],"class_list":["post-106645","post","type-post","status-publish","format-standard","has-post-thumbnail","hentry","category-brasil-mundo","category-ultima-hora"],"_links":{"self":[{"href":"https:\/\/diarioregionaldigital.com.br\/index.php?rest_route=\/wp\/v2\/posts\/106645","targetHints":{"allow":["GET"]}}],"collection":[{"href":"https:\/\/diarioregionaldigital.com.br\/index.php?rest_route=\/wp\/v2\/posts"}],"about":[{"href":"https:\/\/diarioregionaldigital.com.br\/index.php?rest_route=\/wp\/v2\/types\/post"}],"author":[{"embeddable":true,"href":"https:\/\/diarioregionaldigital.com.br\/index.php?rest_route=\/wp\/v2\/users\/96"}],"replies":[{"embeddable":true,"href":"https:\/\/diarioregionaldigital.com.br\/index.php?rest_route=%2Fwp%2Fv2%2Fcomments&post=106645"}],"version-history":[{"count":0,"href":"https:\/\/diarioregionaldigital.com.br\/index.php?rest_route=\/wp\/v2\/posts\/106645\/revisions"}],"wp:featuredmedia":[{"embeddable":true,"href":"https:\/\/diarioregionaldigital.com.br\/index.php?rest_route=\/wp\/v2\/media\/106647"}],"wp:attachment":[{"href":"https:\/\/diarioregionaldigital.com.br\/index.php?rest_route=%2Fwp%2Fv2%2Fmedia&parent=106645"}],"wp:term":[{"taxonomy":"category","embeddable":true,"href":"https:\/\/diarioregionaldigital.com.br\/index.php?rest_route=%2Fwp%2Fv2%2Fcategories&post=106645"},{"taxonomy":"post_tag","embeddable":true,"href":"https:\/\/diarioregionaldigital.com.br\/index.php?rest_route=%2Fwp%2Fv2%2Ftags&post=106645"}],"curies":[{"name":"wp","href":"https:\/\/api.w.org\/{rel}","templated":true}]}}