{"id":106642,"date":"2018-06-04T11:15:12","date_gmt":"2018-06-04T14:15:12","guid":{"rendered":"http:\/\/diarioregionaljf.com.br\/?p=106642"},"modified":"2018-06-04T11:16:29","modified_gmt":"2018-06-04T14:16:29","slug":"autoridades-avaliam-retomada-do-abastecimento-apos-paralisacao","status":"publish","type":"post","link":"https:\/\/diarioregionaldigital.com.br\/?p=106642","title":{"rendered":"Autoridades avaliam retomada do abastecimento ap\u00f3s paralisa\u00e7\u00e3o"},"content":{"rendered":"<p>O Grupo de Acompanhamento da Normaliza\u00e7\u00e3o do Abastecimento faz mais uma reuni\u00e3o hoje, 4, no Pal\u00e1cio do Planalto. No encontro di\u00e1rio, autoridades avaliam a retomada do abastecimento do pa\u00eds ap\u00f3s a paralisa\u00e7\u00e3o dos caminhoneiros.<\/p>\n<p>Hoje, <a href=\"http:\/\/diarioregionaljf.com.br\/2018\/06\/04\/uso-das-forcas-armadas-nas-estradas-deve-acabar-nesta-segunda-diz-gsi\/\" target=\"_blank\" rel=\"noopener\">termina a vig\u00eancia do decreto que autorizou o emprego das For\u00e7as Armadas no contexto da Garantia da Lei e da Ordem (GLO)<\/a> para liberar as rodovias e reabastecer o pa\u00eds com os produtos retidos nas estradas durante a greve. Ontem, 3, o ministro-chefe do Gabinete de Seguran\u00e7a Institucional (GSI) da Presid\u00eancia da Rep\u00fablica, S\u00e9rgio Etchegoyen, disse que o prazo n\u00e3o deve ser prorrogado.<\/p>\n<p>Etchegoyen disse ainda que as not\u00edcias que circulam nas redes sociais sobre convoca\u00e7\u00e3o de nova manifesta\u00e7\u00e3o dos caminhoneiros para hoje n\u00e3o geram preocupa\u00e7\u00f5es alarmantes e est\u00e3o sendo acompanhadas pelo governo.<\/p>\n<p>Ap\u00f3s o fim do movimento dos caminhoneiros, de acordo com balan\u00e7o dos diversos setores afetados, o abastecimento est\u00e1 se normalizando.<\/p>\n<p>Em declara\u00e7\u00e3o na \u00faltima quinta-feira, 31 de maio, o presidente Michel Temer atribuiu o fim da greve ao di\u00e1logo. Em acordo com representantes da categoria, o governo atendeu \u00e0s reivindica\u00e7\u00f5es, entre elas a redu\u00e7\u00e3o de R$0,46 no litro do \u00f3leo diesel pelo prazo de 60 dias e a isen\u00e7\u00e3o da cobran\u00e7a de ped\u00e1gio dos caminh\u00f5es que trafegarem com eixo suspenso em todas as rodovias do pa\u00eds (federais, estaduais e municipais). Na sexta, 1\u00ba, o governo publicou portaria que trata da fiscaliza\u00e7\u00e3o para garantir que os postos de combust\u00edveis repassem aos consumidores o desconto no pre\u00e7o do diesel.<\/p>\n<p>&nbsp;<\/p>\n<p>Fonte: Ag\u00eancia Brasil<\/p>\n","protected":false},"excerpt":{"rendered":"<p>O Grupo de Acompanhamento da Normaliza\u00e7\u00e3o do Abastecimento faz mais uma reuni\u00e3o hoje, 4, no Pal\u00e1cio do Planalto. No encontro di\u00e1rio, autoridades avaliam a retomada do abastecimento do pa\u00eds ap\u00f3s a paralisa\u00e7\u00e3o dos caminhoneiros. Hoje, termina a vig\u00eancia do decreto que autorizou o emprego das For\u00e7as Armadas no contexto da Garantia da Lei e da [&hellip;]<\/p>\n","protected":false},"author":96,"featured_media":105072,"comment_status":"closed","ping_status":"closed","sticky":false,"template":"","format":"standard","meta":{"footnotes":""},"categories":[261,439],"tags":[],"class_list":["post-106642","post","type-post","status-publish","format-standard","has-post-thumbnail","hentry","category-economia","category-ultima-hora"],"_links":{"self":[{"href":"https:\/\/diarioregionaldigital.com.br\/index.php?rest_route=\/wp\/v2\/posts\/106642","targetHints":{"allow":["GET"]}}],"collection":[{"href":"https:\/\/diarioregionaldigital.com.br\/index.php?rest_route=\/wp\/v2\/posts"}],"about":[{"href":"https:\/\/diarioregionaldigital.com.br\/index.php?rest_route=\/wp\/v2\/types\/post"}],"author":[{"embeddable":true,"href":"https:\/\/diarioregionaldigital.com.br\/index.php?rest_route=\/wp\/v2\/users\/96"}],"replies":[{"embeddable":true,"href":"https:\/\/diarioregionaldigital.com.br\/index.php?rest_route=%2Fwp%2Fv2%2Fcomments&post=106642"}],"version-history":[{"count":0,"href":"https:\/\/diarioregionaldigital.com.br\/index.php?rest_route=\/wp\/v2\/posts\/106642\/revisions"}],"wp:featuredmedia":[{"embeddable":true,"href":"https:\/\/diarioregionaldigital.com.br\/index.php?rest_route=\/wp\/v2\/media\/105072"}],"wp:attachment":[{"href":"https:\/\/diarioregionaldigital.com.br\/index.php?rest_route=%2Fwp%2Fv2%2Fmedia&parent=106642"}],"wp:term":[{"taxonomy":"category","embeddable":true,"href":"https:\/\/diarioregionaldigital.com.br\/index.php?rest_route=%2Fwp%2Fv2%2Fcategories&post=106642"},{"taxonomy":"post_tag","embeddable":true,"href":"https:\/\/diarioregionaldigital.com.br\/index.php?rest_route=%2Fwp%2Fv2%2Ftags&post=106642"}],"curies":[{"name":"wp","href":"https:\/\/api.w.org\/{rel}","templated":true}]}}