{"id":106638,"date":"2018-06-04T09:28:40","date_gmt":"2018-06-04T12:28:40","guid":{"rendered":"http:\/\/diarioregionaljf.com.br\/?p=106638"},"modified":"2018-06-04T11:19:31","modified_gmt":"2018-06-04T14:19:31","slug":"uso-das-forcas-armadas-nas-estradas-deve-acabar-nesta-segunda-diz-gsi","status":"publish","type":"post","link":"https:\/\/diarioregionaldigital.com.br\/?p=106638","title":{"rendered":"Uso das For\u00e7as Armadas nas estradas deve acabar nesta segunda, diz GSI"},"content":{"rendered":"<p>Ap\u00f3s duas reuni\u00f5es curtas, de cerca de 40 minutos,\u00a0nesse final de semana, o ministro-chefe do Gabinete de Seguran\u00e7a Institucional (GSI) da Presid\u00eancia da Rep\u00fablica,\u00a0S\u00e9rgio Etchegoyen, disse nesse domingo, 3, que o governo n\u00e3o est\u00e1 desmobilizado e continua\u00a0acompanhando a retomada do abastecimento do pa\u00eds ap\u00f3s a paralisa\u00e7\u00e3o dos caminhoneiros. Segundo o ministro, o decreto que estabelece o emprego das For\u00e7as Armadas no contexto da Garantia da Lei e da Ordem (GLO), cujo prazo de vig\u00eancia termina nesta segunda-feira, 4, n\u00e3o dever\u00e1 ser prorrogado.<\/p>\n<p>&#8220;Neste momento, n\u00e3o h\u00e1 nenhum elemento que sugira a prorroga\u00e7\u00e3o da GLO. A decis\u00e3o \u00e9 encerr\u00e1-la amanh\u00e3&#8221;, disse em entrevista \u00e0\u00a0imprensa, no Pal\u00e1cio do Planalto. Para liberar as rodovias e reabastecer o pa\u00eds com os produtos retidos nas estradas durante a paralisa\u00e7\u00e3o dos caminhoneiros, Temer autorizou o emprego das For\u00e7as Armadas. Segundo o ministro, a avalia\u00e7\u00e3o que se tem hoje \u00e9 que o abastecimento no pa\u00eds est\u00e1 &#8220;completamente normalizado&#8221;. &#8220;Nossa avalia\u00e7\u00e3o \u00e9 que estamos em um quadro de normalidade e que n\u00e3o tende a ser modificado&#8217;, afirmou.<\/p>\n<h2>Nova manifesta\u00e7\u00e3o<\/h2>\n<p>Etchegoyen disse ainda que o governo acompanha not\u00edcias nas redes sociais de convoca\u00e7\u00e3o de uma nova manifesta\u00e7\u00e3o dos caminhoneiros para segunda, 4, mas que elas ainda n\u00e3o geram preocupa\u00e7\u00f5es alarmantes. &#8220;H\u00e1 movimento na m\u00eddia e h\u00e1 acompanhamento nosso. N\u00e3o temos nenhuma indica\u00e7\u00e3o de que isso mude atitude do governo e a nossa preocupa\u00e7\u00e3o&#8221;.<\/p>\n<p>O ministro disse ainda que as reuni\u00f5es do Grupo de Acompanhamento de Normaliza\u00e7\u00e3o do Abastecimento, que re\u00fane diversos ministros, entre outras autoridades, t\u00eam sido realizadas para acompanhar o andamento do acordo firmado com os caminhoneiros e o cumprimento de ambas as partes.<\/p>\n<p>O acordo abrange medidas que incidem diretamente sobre o pre\u00e7o do diesel. Perguntado pela\u00a0<strong>Ag\u00eancia Brasil<\/strong>\u00a0se o governo estuda medidas para abranger tamb\u00e9m o pre\u00e7o da gasolina, S\u00e9rgio Etchegoyen\u00a0disse\u00a0que a discuss\u00e3o n\u00e3o ocorre no \u00e2mbito desse grupo e que n\u00e3o tem sido pauta nessas reuni\u00f5es no Pal\u00e1cio do Planalto. Segundo ele, a quest\u00e3o deve estar sendo discutida em outras inst\u00e2ncias, como no Minist\u00e9rio de Minas e Energia. &#8220;N\u00f3s aqui estamos tratando do que passou. O que vem est\u00e1 sendo tratado pelo governo em outros f\u00f3runs&#8221;, afirmou.<\/p>\n<p>Fonte: Ag\u00eancia Brasil<\/p>\n","protected":false},"excerpt":{"rendered":"<p>Ap\u00f3s duas reuni\u00f5es curtas, de cerca de 40 minutos,\u00a0nesse final de semana, o ministro-chefe do Gabinete de Seguran\u00e7a Institucional (GSI) da Presid\u00eancia da Rep\u00fablica,\u00a0S\u00e9rgio Etchegoyen, disse nesse domingo, 3, que o governo n\u00e3o est\u00e1 desmobilizado e continua\u00a0acompanhando a retomada do abastecimento do pa\u00eds ap\u00f3s a paralisa\u00e7\u00e3o dos caminhoneiros. Segundo o ministro, o decreto que estabelece [&hellip;]<\/p>\n","protected":false},"author":96,"featured_media":106643,"comment_status":"closed","ping_status":"closed","sticky":false,"template":"","format":"standard","meta":{"footnotes":""},"categories":[254,439],"tags":[],"class_list":["post-106638","post","type-post","status-publish","format-standard","has-post-thumbnail","hentry","category-politica","category-ultima-hora"],"_links":{"self":[{"href":"https:\/\/diarioregionaldigital.com.br\/index.php?rest_route=\/wp\/v2\/posts\/106638","targetHints":{"allow":["GET"]}}],"collection":[{"href":"https:\/\/diarioregionaldigital.com.br\/index.php?rest_route=\/wp\/v2\/posts"}],"about":[{"href":"https:\/\/diarioregionaldigital.com.br\/index.php?rest_route=\/wp\/v2\/types\/post"}],"author":[{"embeddable":true,"href":"https:\/\/diarioregionaldigital.com.br\/index.php?rest_route=\/wp\/v2\/users\/96"}],"replies":[{"embeddable":true,"href":"https:\/\/diarioregionaldigital.com.br\/index.php?rest_route=%2Fwp%2Fv2%2Fcomments&post=106638"}],"version-history":[{"count":0,"href":"https:\/\/diarioregionaldigital.com.br\/index.php?rest_route=\/wp\/v2\/posts\/106638\/revisions"}],"wp:featuredmedia":[{"embeddable":true,"href":"https:\/\/diarioregionaldigital.com.br\/index.php?rest_route=\/wp\/v2\/media\/106643"}],"wp:attachment":[{"href":"https:\/\/diarioregionaldigital.com.br\/index.php?rest_route=%2Fwp%2Fv2%2Fmedia&parent=106638"}],"wp:term":[{"taxonomy":"category","embeddable":true,"href":"https:\/\/diarioregionaldigital.com.br\/index.php?rest_route=%2Fwp%2Fv2%2Fcategories&post=106638"},{"taxonomy":"post_tag","embeddable":true,"href":"https:\/\/diarioregionaldigital.com.br\/index.php?rest_route=%2Fwp%2Fv2%2Ftags&post=106638"}],"curies":[{"name":"wp","href":"https:\/\/api.w.org\/{rel}","templated":true}]}}