{"id":106631,"date":"2018-06-04T09:08:47","date_gmt":"2018-06-04T12:08:47","guid":{"rendered":"http:\/\/diarioregionaljf.com.br\/?p=106631"},"modified":"2018-06-04T09:13:39","modified_gmt":"2018-06-04T12:13:39","slug":"caminhoneiro-morre-e-ajudante-fica-ferido-apos-carreta-tombar-na-br-356","status":"publish","type":"post","link":"https:\/\/diarioregionaldigital.com.br\/?p=106631","title":{"rendered":"Caminhoneiro morre e ajudante fica ferido ap\u00f3s carreta tombar na BR-356"},"content":{"rendered":"<p>Um caminhoneiro de 53 anos, Wilson Camara Vieira, natural de S\u00e3o Gon\u00e7alo-RJ, morreu e seu ajudante ficou ferido ap\u00f3s acidente na manh\u00e3 desse domingo, 3, na BR-356, na estrada Muria\u00e9-Erv\u00e1lia, na Serra de Ventania. Segundo informa\u00e7\u00f5es do Sargento Ara\u00fajo, da Pol\u00edcia Militar de Dona Euz\u00e9bia, o motorista da carreta, carregada de refrigerantes, e que seguia em dire\u00e7\u00e3o a Muria\u00e9, perdeu o controle do veiculo, que tombou em uma curva.<\/p>\n<p>O condutor morreu na hora e seu ajudante foi socorrido e levado para o Hospital S\u00e3o Paulo com ferimentos. Per\u00edcia da comarca de Leopoldina foi acionada para os trabalhos t\u00e9cnicos no local.<\/p>\n<p><img loading=\"lazy\" decoding=\"async\" class=\"alignnone  wp-image-106632\" src=\"http:\/\/diarioregionaljf.com.br\/wp-content\/uploads\/2018\/06\/caminhamu-300x200.jpg\" alt=\"\" width=\"452\" height=\"301\" srcset=\"https:\/\/diarioregionaldigital.com.br\/wp-content\/uploads\/2018\/06\/caminhamu-300x200.jpg 300w, https:\/\/diarioregionaldigital.com.br\/wp-content\/uploads\/2018\/06\/caminhamu-360x240.jpg 360w, https:\/\/diarioregionaldigital.com.br\/wp-content\/uploads\/2018\/06\/caminhamu.jpg 700w\" sizes=\"auto, (max-width: 452px) 100vw, 452px\" \/><\/p>\n<p><img loading=\"lazy\" decoding=\"async\" class=\"alignnone  wp-image-106635\" src=\"http:\/\/diarioregionaljf.com.br\/wp-content\/uploads\/2018\/06\/caminhamuri-300x225.jpg\" alt=\"\" width=\"452\" height=\"339\" srcset=\"https:\/\/diarioregionaldigital.com.br\/wp-content\/uploads\/2018\/06\/caminhamuri-300x225.jpg 300w, https:\/\/diarioregionaldigital.com.br\/wp-content\/uploads\/2018\/06\/caminhamuri-360x270.jpg 360w, https:\/\/diarioregionaldigital.com.br\/wp-content\/uploads\/2018\/06\/caminhamuri.jpg 700w\" sizes=\"auto, (max-width: 452px) 100vw, 452px\" \/><\/p>\n<p>Fonte: R\u00e1dio Muria\u00e9<\/p>\n<p>&nbsp;<\/p>\n","protected":false},"excerpt":{"rendered":"<p>Um caminhoneiro de 53 anos, Wilson Camara Vieira, natural de S\u00e3o Gon\u00e7alo-RJ, morreu e seu ajudante ficou ferido ap\u00f3s acidente na manh\u00e3 desse domingo, 3, na BR-356, na estrada Muria\u00e9-Erv\u00e1lia, na Serra de Ventania. Segundo informa\u00e7\u00f5es do Sargento Ara\u00fajo, da Pol\u00edcia Militar de Dona Euz\u00e9bia, o motorista da carreta, carregada de refrigerantes, e que seguia [&hellip;]<\/p>\n","protected":false},"author":96,"featured_media":106633,"comment_status":"closed","ping_status":"closed","sticky":false,"template":"","format":"standard","meta":{"footnotes":""},"categories":[252,439],"tags":[],"class_list":["post-106631","post","type-post","status-publish","format-standard","has-post-thumbnail","hentry","category-regiao","category-ultima-hora"],"_links":{"self":[{"href":"https:\/\/diarioregionaldigital.com.br\/index.php?rest_route=\/wp\/v2\/posts\/106631","targetHints":{"allow":["GET"]}}],"collection":[{"href":"https:\/\/diarioregionaldigital.com.br\/index.php?rest_route=\/wp\/v2\/posts"}],"about":[{"href":"https:\/\/diarioregionaldigital.com.br\/index.php?rest_route=\/wp\/v2\/types\/post"}],"author":[{"embeddable":true,"href":"https:\/\/diarioregionaldigital.com.br\/index.php?rest_route=\/wp\/v2\/users\/96"}],"replies":[{"embeddable":true,"href":"https:\/\/diarioregionaldigital.com.br\/index.php?rest_route=%2Fwp%2Fv2%2Fcomments&post=106631"}],"version-history":[{"count":0,"href":"https:\/\/diarioregionaldigital.com.br\/index.php?rest_route=\/wp\/v2\/posts\/106631\/revisions"}],"wp:featuredmedia":[{"embeddable":true,"href":"https:\/\/diarioregionaldigital.com.br\/index.php?rest_route=\/wp\/v2\/media\/106633"}],"wp:attachment":[{"href":"https:\/\/diarioregionaldigital.com.br\/index.php?rest_route=%2Fwp%2Fv2%2Fmedia&parent=106631"}],"wp:term":[{"taxonomy":"category","embeddable":true,"href":"https:\/\/diarioregionaldigital.com.br\/index.php?rest_route=%2Fwp%2Fv2%2Fcategories&post=106631"},{"taxonomy":"post_tag","embeddable":true,"href":"https:\/\/diarioregionaldigital.com.br\/index.php?rest_route=%2Fwp%2Fv2%2Ftags&post=106631"}],"curies":[{"name":"wp","href":"https:\/\/api.w.org\/{rel}","templated":true}]}}