{"id":106628,"date":"2018-06-04T08:44:18","date_gmt":"2018-06-04T11:44:18","guid":{"rendered":"http:\/\/diarioregionaljf.com.br\/?p=106628"},"modified":"2018-06-04T08:45:10","modified_gmt":"2018-06-04T11:45:10","slug":"adolescente-e-detido-por-assalto-no-sao-mateus","status":"publish","type":"post","link":"https:\/\/diarioregionaldigital.com.br\/?p=106628","title":{"rendered":"Adolescente \u00e9 detido por assalto no S\u00e3o Mateus"},"content":{"rendered":"<p>Um adolescente de 16 anos foi apreendido pela Pol\u00edcia Militar (PM) ap\u00f3s assaltar um mercado no bairro S\u00e3o Mateus, regi\u00e3o Central, na manh\u00e3 desse domingo, 3.<\/p>\n<p>Conforme o Boletim de Ocorr\u00eancia (BO), a propriet\u00e1ria do estabelecimento, uma mulher de 30 anos, relatou que o menor entrou na loja e pediu uma fruta. Na sequ\u00eancia, ele anunciou o assalto. O adolescente estava armado com uma faca e fugiu levando a quantia de R$60.<\/p>\n<p>Ap\u00f3s o crime, o autor fugiu em sentido ao bairro Santa Cec\u00edlia. Ele foi localizado durante rastreamento, na Rua Melo Franco. O dinheiro roubado e a faca usada no assalto n\u00e3o foram localizados.<\/p>\n<p>&nbsp;<\/p>\n<p><strong><span style=\"font-size: 12pt;\">DUPLA PRESA<\/span><\/strong><\/p>\n<p>Tamb\u00e9m no bairro S\u00e3o Mateus, um rapaz de 22 anos e uma jovem de 23 foram presos ap\u00f3s roubarem um homem de 51 anos na Rua Padre Caf\u00e9, na noite desse domingo, 3.<\/p>\n<p>A v\u00edtima relatou que os autores simularam estar armados e roubaram seu telefone celular.<\/p>\n<p>A dupla foi detida durante rastreamento e o telefone foi recuperado.<\/p>\n","protected":false},"excerpt":{"rendered":"<p>Um adolescente de 16 anos foi apreendido pela Pol\u00edcia Militar (PM) ap\u00f3s assaltar um mercado no bairro S\u00e3o Mateus, regi\u00e3o Central, na manh\u00e3 desse domingo, 3. Conforme o Boletim de Ocorr\u00eancia (BO), a propriet\u00e1ria do estabelecimento, uma mulher de 30 anos, relatou que o menor entrou na loja e pediu uma fruta. Na sequ\u00eancia, ele [&hellip;]<\/p>\n","protected":false},"author":96,"featured_media":95836,"comment_status":"closed","ping_status":"closed","sticky":false,"template":"","format":"standard","meta":{"footnotes":""},"categories":[301,439],"tags":[],"class_list":["post-106628","post","type-post","status-publish","format-standard","has-post-thumbnail","hentry","category-artigos-policiais","category-ultima-hora"],"_links":{"self":[{"href":"https:\/\/diarioregionaldigital.com.br\/index.php?rest_route=\/wp\/v2\/posts\/106628","targetHints":{"allow":["GET"]}}],"collection":[{"href":"https:\/\/diarioregionaldigital.com.br\/index.php?rest_route=\/wp\/v2\/posts"}],"about":[{"href":"https:\/\/diarioregionaldigital.com.br\/index.php?rest_route=\/wp\/v2\/types\/post"}],"author":[{"embeddable":true,"href":"https:\/\/diarioregionaldigital.com.br\/index.php?rest_route=\/wp\/v2\/users\/96"}],"replies":[{"embeddable":true,"href":"https:\/\/diarioregionaldigital.com.br\/index.php?rest_route=%2Fwp%2Fv2%2Fcomments&post=106628"}],"version-history":[{"count":0,"href":"https:\/\/diarioregionaldigital.com.br\/index.php?rest_route=\/wp\/v2\/posts\/106628\/revisions"}],"wp:featuredmedia":[{"embeddable":true,"href":"https:\/\/diarioregionaldigital.com.br\/index.php?rest_route=\/wp\/v2\/media\/95836"}],"wp:attachment":[{"href":"https:\/\/diarioregionaldigital.com.br\/index.php?rest_route=%2Fwp%2Fv2%2Fmedia&parent=106628"}],"wp:term":[{"taxonomy":"category","embeddable":true,"href":"https:\/\/diarioregionaldigital.com.br\/index.php?rest_route=%2Fwp%2Fv2%2Fcategories&post=106628"},{"taxonomy":"post_tag","embeddable":true,"href":"https:\/\/diarioregionaldigital.com.br\/index.php?rest_route=%2Fwp%2Fv2%2Ftags&post=106628"}],"curies":[{"name":"wp","href":"https:\/\/api.w.org\/{rel}","templated":true}]}}