{"id":106626,"date":"2018-06-04T08:17:21","date_gmt":"2018-06-04T11:17:21","guid":{"rendered":"http:\/\/diarioregionaljf.com.br\/?p=106626"},"modified":"2018-06-04T08:31:59","modified_gmt":"2018-06-04T11:31:59","slug":"porteiro-e-preso-por-posse-ilegal-de-arma-de-fogo-no-monte-castelo","status":"publish","type":"post","link":"https:\/\/diarioregionaldigital.com.br\/?p=106626","title":{"rendered":"Porteiro \u00e9 preso por posse ilegal de arma de fogo no Monte Castelo"},"content":{"rendered":"<p>Um rapaz de 26 anos, porteiro de um condom\u00ednio na Rua Nazira Mattar de Freitas, no bairro Monte Castelo, zona Norte da cidade, foi preso por posse ilegal de arma de fogo na manh\u00e3 desse domingo, 3.<\/p>\n<p>Conforme informa\u00e7\u00f5es da Pol\u00edcia Militar (BO), uma equipe se dirigiu at\u00e9 o local ap\u00f3s receber informa\u00e7\u00f5es de que o autor encontrava-se armado e estaria exibindo a arma. Ao perceber a chegada da guarni\u00e7\u00e3o, o jovem tentou fugir, mas foi detido.<\/p>\n<p>Durante buscas pessoais, n\u00e3o foi encontrado nenhum material com o rapaz, mas os militares localizaram um rev\u00f3lver calibre .38 e uma foice na portaria do condom\u00ednio.<\/p>\n<p>O porteiro foi preso em flagrante e encaminhado a delegacia.<\/p>\n","protected":false},"excerpt":{"rendered":"<p>Um rapaz de 26 anos, porteiro de um condom\u00ednio na Rua Nazira Mattar de Freitas, no bairro Monte Castelo, zona Norte da cidade, foi preso por posse ilegal de arma de fogo na manh\u00e3 desse domingo, 3. Conforme informa\u00e7\u00f5es da Pol\u00edcia Militar (BO), uma equipe se dirigiu at\u00e9 o local ap\u00f3s receber informa\u00e7\u00f5es de que [&hellip;]<\/p>\n","protected":false},"author":96,"featured_media":95836,"comment_status":"closed","ping_status":"closed","sticky":false,"template":"","format":"standard","meta":{"footnotes":""},"categories":[301,439],"tags":[],"class_list":["post-106626","post","type-post","status-publish","format-standard","has-post-thumbnail","hentry","category-artigos-policiais","category-ultima-hora"],"_links":{"self":[{"href":"https:\/\/diarioregionaldigital.com.br\/index.php?rest_route=\/wp\/v2\/posts\/106626","targetHints":{"allow":["GET"]}}],"collection":[{"href":"https:\/\/diarioregionaldigital.com.br\/index.php?rest_route=\/wp\/v2\/posts"}],"about":[{"href":"https:\/\/diarioregionaldigital.com.br\/index.php?rest_route=\/wp\/v2\/types\/post"}],"author":[{"embeddable":true,"href":"https:\/\/diarioregionaldigital.com.br\/index.php?rest_route=\/wp\/v2\/users\/96"}],"replies":[{"embeddable":true,"href":"https:\/\/diarioregionaldigital.com.br\/index.php?rest_route=%2Fwp%2Fv2%2Fcomments&post=106626"}],"version-history":[{"count":0,"href":"https:\/\/diarioregionaldigital.com.br\/index.php?rest_route=\/wp\/v2\/posts\/106626\/revisions"}],"wp:featuredmedia":[{"embeddable":true,"href":"https:\/\/diarioregionaldigital.com.br\/index.php?rest_route=\/wp\/v2\/media\/95836"}],"wp:attachment":[{"href":"https:\/\/diarioregionaldigital.com.br\/index.php?rest_route=%2Fwp%2Fv2%2Fmedia&parent=106626"}],"wp:term":[{"taxonomy":"category","embeddable":true,"href":"https:\/\/diarioregionaldigital.com.br\/index.php?rest_route=%2Fwp%2Fv2%2Fcategories&post=106626"},{"taxonomy":"post_tag","embeddable":true,"href":"https:\/\/diarioregionaldigital.com.br\/index.php?rest_route=%2Fwp%2Fv2%2Ftags&post=106626"}],"curies":[{"name":"wp","href":"https:\/\/api.w.org\/{rel}","templated":true}]}}