{"id":106624,"date":"2018-06-04T08:04:58","date_gmt":"2018-06-04T11:04:58","guid":{"rendered":"http:\/\/diarioregionaljf.com.br\/?p=106624"},"modified":"2018-06-04T08:05:21","modified_gmt":"2018-06-04T11:05:21","slug":"estudantes-podem-se-inscrever-para-vagas-remanescentes-do-fies","status":"publish","type":"post","link":"https:\/\/diarioregionaldigital.com.br\/?p=106624","title":{"rendered":"Estudantes podem se inscrever para vagas remanescentes do Fies"},"content":{"rendered":"<p>Os estudantes que querem concorrer a uma vaga no Fundo de Financiamento Estudantil (Fies) devem ficar atentos aos prazos. As inscri\u00e7\u00f5es para as vagas que n\u00e3o foram preenchidas no processo regular est\u00e3o abertas desde o dia 28 de maio. Os prazos variam de acordo com o perfil dos candidatos.<\/p>\n<p>Para concorrer, \u00e9 necess\u00e1rio ter 450 pontos de m\u00e9dia e nota acima de zero na reda\u00e7\u00e3o em qualquer edi\u00e7\u00e3o, desde 2010, do Exame Nacional do Ensino M\u00e9dio (Enem). Al\u00e9m disso, a renda familiar mensal bruta per capita n\u00e3o pode ultrapassar tr\u00eas sal\u00e1rios m\u00ednimos, ou seja, R$2.862.<\/p>\n<p>As inscri\u00e7\u00f5es s\u00e3o feitas pela internet, no endere\u00e7o http:\/\/fiesselecao.mec.gov.br.<\/p>\n<p>O Fies concede financiamento a estudantes em cursos superiores n\u00e3o gratuitos, com avalia\u00e7\u00e3o positiva nos processos conduzidos pelo Minist\u00e9rio da Educa\u00e7\u00e3o. Segundo o Minist\u00e9rio da Educa\u00e7\u00e3o (MEC), o n\u00famero de vagas totais para este ano poder\u00e1 chegar a 310 mil. Dessas, 100 mil ter\u00e3o juro zero para os estudantes que comprovarem renda per capita mensal familiar de at\u00e9 tr\u00eas sal\u00e1rios m\u00ednimos.<\/p>\n<p>&nbsp;<\/p>\n<p><span style=\"font-size: 12pt;\"><strong>PRAZOS VIGENTES<\/strong><\/span><\/p>\n<p>Termina hoje, 4, o prazo de inscri\u00e7\u00e3o daqueles que conclu\u00edram ou n\u00e3o o ensino superior e querem concorrer a vaga em institui\u00e7\u00e3o de ensino em que n\u00e3o est\u00e3o matriculados. O prazo vale tanto para aqueles que ainda n\u00e3o foram beneficiados pelo financiamento estudantil, quanto para os que foram e j\u00e1 o quitaram.<\/p>\n<p>Est\u00e3o abertas as inscri\u00e7\u00f5es, at\u00e9 o dia 26 de junho, para aqueles que conclu\u00edram ou n\u00e3o o ensino superior, foram beneficiados ou n\u00e3o pelo financiamento estudantil e o quitaram e querem concorrer a vaga em institui\u00e7\u00e3o de ensino em que j\u00e1 est\u00e3o matriculados.<\/p>\n<p>&nbsp;<\/p>\n<p>Fonte: Ag\u00eancia Brasil<\/p>\n","protected":false},"excerpt":{"rendered":"<p>Os estudantes que querem concorrer a uma vaga no Fundo de Financiamento Estudantil (Fies) devem ficar atentos aos prazos. As inscri\u00e7\u00f5es para as vagas que n\u00e3o foram preenchidas no processo regular est\u00e3o abertas desde o dia 28 de maio. Os prazos variam de acordo com o perfil dos candidatos. Para concorrer, \u00e9 necess\u00e1rio ter 450 [&hellip;]<\/p>\n","protected":false},"author":96,"featured_media":97709,"comment_status":"closed","ping_status":"closed","sticky":false,"template":"","format":"standard","meta":{"footnotes":""},"categories":[302,439],"tags":[],"class_list":["post-106624","post","type-post","status-publish","format-standard","has-post-thumbnail","hentry","category-brasil-mundo","category-ultima-hora"],"_links":{"self":[{"href":"https:\/\/diarioregionaldigital.com.br\/index.php?rest_route=\/wp\/v2\/posts\/106624","targetHints":{"allow":["GET"]}}],"collection":[{"href":"https:\/\/diarioregionaldigital.com.br\/index.php?rest_route=\/wp\/v2\/posts"}],"about":[{"href":"https:\/\/diarioregionaldigital.com.br\/index.php?rest_route=\/wp\/v2\/types\/post"}],"author":[{"embeddable":true,"href":"https:\/\/diarioregionaldigital.com.br\/index.php?rest_route=\/wp\/v2\/users\/96"}],"replies":[{"embeddable":true,"href":"https:\/\/diarioregionaldigital.com.br\/index.php?rest_route=%2Fwp%2Fv2%2Fcomments&post=106624"}],"version-history":[{"count":0,"href":"https:\/\/diarioregionaldigital.com.br\/index.php?rest_route=\/wp\/v2\/posts\/106624\/revisions"}],"wp:featuredmedia":[{"embeddable":true,"href":"https:\/\/diarioregionaldigital.com.br\/index.php?rest_route=\/wp\/v2\/media\/97709"}],"wp:attachment":[{"href":"https:\/\/diarioregionaldigital.com.br\/index.php?rest_route=%2Fwp%2Fv2%2Fmedia&parent=106624"}],"wp:term":[{"taxonomy":"category","embeddable":true,"href":"https:\/\/diarioregionaldigital.com.br\/index.php?rest_route=%2Fwp%2Fv2%2Fcategories&post=106624"},{"taxonomy":"post_tag","embeddable":true,"href":"https:\/\/diarioregionaldigital.com.br\/index.php?rest_route=%2Fwp%2Fv2%2Ftags&post=106624"}],"curies":[{"name":"wp","href":"https:\/\/api.w.org\/{rel}","templated":true}]}}