{"id":106622,"date":"2018-06-04T07:53:52","date_gmt":"2018-06-04T10:53:52","guid":{"rendered":"http:\/\/diarioregionaljf.com.br\/?p=106622"},"modified":"2018-06-04T07:54:13","modified_gmt":"2018-06-04T10:54:13","slug":"rapaz-e-morto-a-tiros-na-zona-sul","status":"publish","type":"post","link":"https:\/\/diarioregionaldigital.com.br\/?p=106622","title":{"rendered":"Rapaz \u00e9 morto a tiros na zona Sul"},"content":{"rendered":"<p>Um rapaz de 19 anos foi morto a tiros no bairro Ipiranga, zona Sul de Juiz de Fora, na madrugada desta segunda-feira, 4. De acordo com o registro da ocorr\u00eancia na Pol\u00edcia Militar (PM), a v\u00edtima tinha passagem policial por envolvimento com drogas.<\/p>\n<p>O jovem foi socorrido por populares e encaminhado ao Hospital de Pronto Socorro (HPS), onde recebeu os primeiros atendimentos, mas n\u00e3o resistiu aos ferimentos e veio a \u00f3bito.<\/p>\n<p>Os militares chegaram a conversar com a v\u00edtima, que relatou ter sido abordada por um indiv\u00edduo armado com um rev\u00f3lver e que o mesmo teria efetuado tr\u00eas disparos em sua dire\u00e7\u00e3o. O rapaz n\u00e3o informou o nome do suspeito.<\/p>\n","protected":false},"excerpt":{"rendered":"<p>Um rapaz de 19 anos foi morto a tiros no bairro Ipiranga, zona Sul de Juiz de Fora, na madrugada desta segunda-feira, 4. De acordo com o registro da ocorr\u00eancia na Pol\u00edcia Militar (PM), a v\u00edtima tinha passagem policial por envolvimento com drogas. O jovem foi socorrido por populares e encaminhado ao Hospital de Pronto [&hellip;]<\/p>\n","protected":false},"author":96,"featured_media":95836,"comment_status":"closed","ping_status":"closed","sticky":false,"template":"","format":"standard","meta":{"footnotes":""},"categories":[301,439],"tags":[],"class_list":["post-106622","post","type-post","status-publish","format-standard","has-post-thumbnail","hentry","category-artigos-policiais","category-ultima-hora"],"_links":{"self":[{"href":"https:\/\/diarioregionaldigital.com.br\/index.php?rest_route=\/wp\/v2\/posts\/106622","targetHints":{"allow":["GET"]}}],"collection":[{"href":"https:\/\/diarioregionaldigital.com.br\/index.php?rest_route=\/wp\/v2\/posts"}],"about":[{"href":"https:\/\/diarioregionaldigital.com.br\/index.php?rest_route=\/wp\/v2\/types\/post"}],"author":[{"embeddable":true,"href":"https:\/\/diarioregionaldigital.com.br\/index.php?rest_route=\/wp\/v2\/users\/96"}],"replies":[{"embeddable":true,"href":"https:\/\/diarioregionaldigital.com.br\/index.php?rest_route=%2Fwp%2Fv2%2Fcomments&post=106622"}],"version-history":[{"count":0,"href":"https:\/\/diarioregionaldigital.com.br\/index.php?rest_route=\/wp\/v2\/posts\/106622\/revisions"}],"wp:featuredmedia":[{"embeddable":true,"href":"https:\/\/diarioregionaldigital.com.br\/index.php?rest_route=\/wp\/v2\/media\/95836"}],"wp:attachment":[{"href":"https:\/\/diarioregionaldigital.com.br\/index.php?rest_route=%2Fwp%2Fv2%2Fmedia&parent=106622"}],"wp:term":[{"taxonomy":"category","embeddable":true,"href":"https:\/\/diarioregionaldigital.com.br\/index.php?rest_route=%2Fwp%2Fv2%2Fcategories&post=106622"},{"taxonomy":"post_tag","embeddable":true,"href":"https:\/\/diarioregionaldigital.com.br\/index.php?rest_route=%2Fwp%2Fv2%2Ftags&post=106622"}],"curies":[{"name":"wp","href":"https:\/\/api.w.org\/{rel}","templated":true}]}}