{"id":106618,"date":"2018-06-04T07:37:17","date_gmt":"2018-06-04T10:37:17","guid":{"rendered":"http:\/\/diarioregionaljf.com.br\/?p=106618"},"modified":"2018-06-04T07:54:21","modified_gmt":"2018-06-04T10:54:21","slug":"tecnicos-voltam-a-discutir-amortecimento-de-precos-dos-combustiveis","status":"publish","type":"post","link":"https:\/\/diarioregionaldigital.com.br\/?p=106618","title":{"rendered":"T\u00e9cnicos voltam a discutir amortecimento de pre\u00e7os dos combust\u00edveis"},"content":{"rendered":"<p>T\u00e9cnicos dos minist\u00e9rio de Minas e Energia (MME) e da Fazenda re\u00fanem-se hoje, 4, para discutir a cria\u00e7\u00e3o de uma pol\u00edtica de amortecimento de pre\u00e7os dos combust\u00edveis que chegue ao bolso do consumidor. Esta \u00e9 a segunda reuni\u00e3o do grupo de trabalho criado para esse fim. A discuss\u00e3o inclui derivados do petr\u00f3leo, como a gasolina.<\/p>\n<p>O acordo firmado com os caminhoneiros para o fim do movimento grevista define a redu\u00e7\u00e3o de R$0,46 no pre\u00e7o do diesel. Agora, a inten\u00e7\u00e3o \u00e9 incluir tamb\u00e9m na discuss\u00e3o os demais combust\u00edveis, criando um mecanismo que proteja o consumidor da volatilidade dos pre\u00e7os finais.<\/p>\n<p>Segundo o MME, o grupo vai convidar especialistas no assunto para ajudar a buscar uma solu\u00e7\u00e3o que permita, por um lado, a continuidade da pr\u00e1tica de pre\u00e7os livres ao produtor e importador e, por outro, o amortecimento dos pre\u00e7os ao consumidor. A primeira foi na \u00faltima sexta-feira, 1\u00ba, com t\u00e9cnicos da Ag\u00eancia Nacional do Petr\u00f3leo (ANP).<\/p>\n<p>&nbsp;<\/p>\n<p><span style=\"font-size: 12pt;\"><strong>POL\u00cdTICA DE PRE\u00c7OS<\/strong><\/span><\/p>\n<p>Desde 2016, a Petrobras segue uma pol\u00edtica de varia\u00e7\u00e3o do pre\u00e7o dos combust\u00edveis que acompanha a valoriza\u00e7\u00e3o do d\u00f3lar e o encarecimento do petr\u00f3leo no mercado internacional. Em nota, o MME diz que a pol\u00edtica de liberdade de pre\u00e7os da Petrobras, assim como das demais empresas de petr\u00f3leo que atuam no pa\u00eds, &#8220;\u00e9 uma pol\u00edtica de governo. A Petrobras teve e tem total autonomia para definir sua pr\u00f3pria pol\u00edtica de pre\u00e7os&#8221;.<\/p>\n<p>Com os reajustes, no in\u00edcio de maio, a Petrobras anunciou um crescimento do lucro l\u00edquido de 56,5% no primeiro trimestre deste ano, em rela\u00e7\u00e3o ao mesmo per\u00edodo do ano passado, atingindo R$6,96 bilh\u00f5es. O crescimento expressivo surge depois de quatro anos seguidos de preju\u00edzos e de um processo de reestrutura\u00e7\u00e3o e de redu\u00e7\u00e3o do endividamento da companhia, que teve in\u00edcio ap\u00f3s as den\u00fancias da Opera\u00e7\u00e3o Lavo Jato.<\/p>\n<p>Este foi, segundo a estatal, o melhor resultado trimestral desde o in\u00edcio de 2013, quando a empresa havia lucrado R$7,69 bilh\u00f5es, e terminou o trimestre com resultados positivos em sua m\u00e9trica de seguran\u00e7a.<\/p>\n<p>&nbsp;<\/p>\n<p><span style=\"font-size: 12pt;\"><strong>FLUTUA\u00c7\u00d5ES<\/strong><\/span><\/p>\n<p>As flutua\u00e7\u00f5es, no entanto, causam impacto para o consumidor. Nesse fim de semana, a Petrobras aumentou em 2,25% o pre\u00e7o da gasolina em suas refinarias. Com isso, o litro do combust\u00edvel ficou quatro centavos mais caro, passando de R$1,9671 para R$2,0113, de acordo com a estatal.<\/p>\n<p>Em um m\u00eas, o combust\u00edvel acumula alta de pre\u00e7o de 11,29%, ou seja, de 20 centavos por litro, j\u00e1 que em 1\u00ba de maio, ele era negociado nas refinarias a R$1,8072. O pre\u00e7o do diesel, que recuou 30 centavos desde o dia 23 de maio, no \u00e1pice da greve dos caminhoneiros, ser\u00e1 mantido em R$2,0316 por 60 dias.<\/p>\n<p>O Departamento Intersindical de Estat\u00edstica e Estudos Socioecon\u00f4micos (Dieese) diz, em nota t\u00e9cnica, que a pol\u00edtica de presos resultou, entre o final de abril e maio, em 16 reajustes do pre\u00e7o da gasolina e do diesel nas refinarias. Para o consumidor final, os pre\u00e7os m\u00e9dios nas bombas de combust\u00edveis subiram, considerando os impostos federais e estaduais, de R$3,40 para R$5, no caso do litro de gasolina (crescimento de 47%), e de R$2,89 para R$4, para o litro do \u00f3leo diesel (alta de 38,4%).<\/p>\n<p>&nbsp;<\/p>\n<p>Fonte: Ag\u00eancia Brasil<\/p>\n","protected":false},"excerpt":{"rendered":"<p>T\u00e9cnicos dos minist\u00e9rio de Minas e Energia (MME) e da Fazenda re\u00fanem-se hoje, 4, para discutir a cria\u00e7\u00e3o de uma pol\u00edtica de amortecimento de pre\u00e7os dos combust\u00edveis que chegue ao bolso do consumidor. Esta \u00e9 a segunda reuni\u00e3o do grupo de trabalho criado para esse fim. A discuss\u00e3o inclui derivados do petr\u00f3leo, como a gasolina. [&hellip;]<\/p>\n","protected":false},"author":96,"featured_media":106620,"comment_status":"closed","ping_status":"closed","sticky":false,"template":"","format":"standard","meta":{"footnotes":""},"categories":[440,261],"tags":[],"class_list":["post-106618","post","type-post","status-publish","format-standard","has-post-thumbnail","hentry","category-destaques-do-dia","category-economia"],"_links":{"self":[{"href":"https:\/\/diarioregionaldigital.com.br\/index.php?rest_route=\/wp\/v2\/posts\/106618","targetHints":{"allow":["GET"]}}],"collection":[{"href":"https:\/\/diarioregionaldigital.com.br\/index.php?rest_route=\/wp\/v2\/posts"}],"about":[{"href":"https:\/\/diarioregionaldigital.com.br\/index.php?rest_route=\/wp\/v2\/types\/post"}],"author":[{"embeddable":true,"href":"https:\/\/diarioregionaldigital.com.br\/index.php?rest_route=\/wp\/v2\/users\/96"}],"replies":[{"embeddable":true,"href":"https:\/\/diarioregionaldigital.com.br\/index.php?rest_route=%2Fwp%2Fv2%2Fcomments&post=106618"}],"version-history":[{"count":0,"href":"https:\/\/diarioregionaldigital.com.br\/index.php?rest_route=\/wp\/v2\/posts\/106618\/revisions"}],"wp:featuredmedia":[{"embeddable":true,"href":"https:\/\/diarioregionaldigital.com.br\/index.php?rest_route=\/wp\/v2\/media\/106620"}],"wp:attachment":[{"href":"https:\/\/diarioregionaldigital.com.br\/index.php?rest_route=%2Fwp%2Fv2%2Fmedia&parent=106618"}],"wp:term":[{"taxonomy":"category","embeddable":true,"href":"https:\/\/diarioregionaldigital.com.br\/index.php?rest_route=%2Fwp%2Fv2%2Fcategories&post=106618"},{"taxonomy":"post_tag","embeddable":true,"href":"https:\/\/diarioregionaldigital.com.br\/index.php?rest_route=%2Fwp%2Fv2%2Ftags&post=106618"}],"curies":[{"name":"wp","href":"https:\/\/api.w.org\/{rel}","templated":true}]}}