{"id":106605,"date":"2018-06-03T21:54:31","date_gmt":"2018-06-04T00:54:31","guid":{"rendered":"http:\/\/diarioregionaljf.com.br\/?p=106605"},"modified":"2018-06-03T21:54:31","modified_gmt":"2018-06-04T00:54:31","slug":"juiz-de-fora-e-destaque-no-campeonato-mineiro-de-ginastica-pre-infantil-e-infantil","status":"publish","type":"post","link":"https:\/\/diarioregionaldigital.com.br\/?p=106605","title":{"rendered":"Juiz de Fora \u00e9 destaque no Campeonato Mineiro de Ginastica pr\u00e9-infantil e infantil"},"content":{"rendered":"<p>Na ultima semana ocorreu na cidade de Ouro Preto na UFOP, o Campeonato Mineiro de Ginastica &#8211; 2018, onde a Escola Madrigal da Zona Norte de Juiz de Fora, levou 10 meninas com idades que variam de 09 a 11 anos, e a grande surpresa da equipe, das 10 meninas 8 foram medalhistas, ganhando medalha de prata \u00a0no pr\u00e9-infantil, ouro no infantil e campe\u00e3 por equipe no pr\u00e9-infantil, sendo uma dos\u00a0 \u00a0destaque no Campeonato Mineiro.<\/p>\n<p>&nbsp;<\/p>\n","protected":false},"excerpt":{"rendered":"<p>Na ultima semana ocorreu na cidade de Ouro Preto na UFOP, o Campeonato Mineiro de Ginastica &#8211; 2018, onde a Escola Madrigal da Zona Norte de Juiz de Fora, levou 10 meninas com idades que variam de 09 a 11 anos, e a grande surpresa da equipe, das 10 meninas 8 foram medalhistas, ganhando medalha [&hellip;]<\/p>\n","protected":false},"author":96,"featured_media":106606,"comment_status":"closed","ping_status":"closed","sticky":false,"template":"","format":"standard","meta":{"footnotes":""},"categories":[257,439],"tags":[],"class_list":["post-106605","post","type-post","status-publish","format-standard","has-post-thumbnail","hentry","category-esporte","category-ultima-hora"],"_links":{"self":[{"href":"https:\/\/diarioregionaldigital.com.br\/index.php?rest_route=\/wp\/v2\/posts\/106605","targetHints":{"allow":["GET"]}}],"collection":[{"href":"https:\/\/diarioregionaldigital.com.br\/index.php?rest_route=\/wp\/v2\/posts"}],"about":[{"href":"https:\/\/diarioregionaldigital.com.br\/index.php?rest_route=\/wp\/v2\/types\/post"}],"author":[{"embeddable":true,"href":"https:\/\/diarioregionaldigital.com.br\/index.php?rest_route=\/wp\/v2\/users\/96"}],"replies":[{"embeddable":true,"href":"https:\/\/diarioregionaldigital.com.br\/index.php?rest_route=%2Fwp%2Fv2%2Fcomments&post=106605"}],"version-history":[{"count":0,"href":"https:\/\/diarioregionaldigital.com.br\/index.php?rest_route=\/wp\/v2\/posts\/106605\/revisions"}],"wp:featuredmedia":[{"embeddable":true,"href":"https:\/\/diarioregionaldigital.com.br\/index.php?rest_route=\/wp\/v2\/media\/106606"}],"wp:attachment":[{"href":"https:\/\/diarioregionaldigital.com.br\/index.php?rest_route=%2Fwp%2Fv2%2Fmedia&parent=106605"}],"wp:term":[{"taxonomy":"category","embeddable":true,"href":"https:\/\/diarioregionaldigital.com.br\/index.php?rest_route=%2Fwp%2Fv2%2Fcategories&post=106605"},{"taxonomy":"post_tag","embeddable":true,"href":"https:\/\/diarioregionaldigital.com.br\/index.php?rest_route=%2Fwp%2Fv2%2Ftags&post=106605"}],"curies":[{"name":"wp","href":"https:\/\/api.w.org\/{rel}","templated":true}]}}