{"id":106603,"date":"2018-06-02T13:28:49","date_gmt":"2018-06-02T16:28:49","guid":{"rendered":"http:\/\/diarioregionaljf.com.br\/?p=106603"},"modified":"2018-06-02T13:28:49","modified_gmt":"2018-06-02T16:28:49","slug":"ufjf-retomara-atividades-academicas-na-segunda-feira","status":"publish","type":"post","link":"https:\/\/diarioregionaldigital.com.br\/?p=106603","title":{"rendered":"UFJF retomar\u00e1 atividades acad\u00eamicas na segunda-feira"},"content":{"rendered":"<p>A Administra\u00e7\u00e3o Superior da Universidade Federal de Juiz de Fora (UFJF) confirma que o retorno \u00e0s aulas, na institui\u00e7\u00e3o, ocorre nesta segunda-feira, 4. Todas as unidades do Restaurante Universit\u00e1rio voltam a servir o card\u00e1pio tradicional. Os \u00f4nibus da UFJF \u2013 Funcion\u00e1rios, RU, Circular \u2013 circular\u00e3o em seus hor\u00e1rios habituais. Do mesmo modo, retornam ao atendimento normal os setores administrativos e as bibliotecas.<\/p>\n<p>Fonte: Assessoria<\/p>\n","protected":false},"excerpt":{"rendered":"<p>A Administra\u00e7\u00e3o Superior da Universidade Federal de Juiz de Fora (UFJF) confirma que o retorno \u00e0s aulas, na institui\u00e7\u00e3o, ocorre nesta segunda-feira, 4. Todas as unidades do Restaurante Universit\u00e1rio voltam a servir o card\u00e1pio tradicional. Os \u00f4nibus da UFJF \u2013 Funcion\u00e1rios, RU, Circular \u2013 circular\u00e3o em seus hor\u00e1rios habituais. Do mesmo modo, retornam ao atendimento [&hellip;]<\/p>\n","protected":false},"author":96,"featured_media":106145,"comment_status":"closed","ping_status":"closed","sticky":false,"template":"","format":"standard","meta":{"footnotes":""},"categories":[253,440,439],"tags":[],"class_list":["post-106603","post","type-post","status-publish","format-standard","has-post-thumbnail","hentry","category-cidade","category-destaques-do-dia","category-ultima-hora"],"_links":{"self":[{"href":"https:\/\/diarioregionaldigital.com.br\/index.php?rest_route=\/wp\/v2\/posts\/106603","targetHints":{"allow":["GET"]}}],"collection":[{"href":"https:\/\/diarioregionaldigital.com.br\/index.php?rest_route=\/wp\/v2\/posts"}],"about":[{"href":"https:\/\/diarioregionaldigital.com.br\/index.php?rest_route=\/wp\/v2\/types\/post"}],"author":[{"embeddable":true,"href":"https:\/\/diarioregionaldigital.com.br\/index.php?rest_route=\/wp\/v2\/users\/96"}],"replies":[{"embeddable":true,"href":"https:\/\/diarioregionaldigital.com.br\/index.php?rest_route=%2Fwp%2Fv2%2Fcomments&post=106603"}],"version-history":[{"count":0,"href":"https:\/\/diarioregionaldigital.com.br\/index.php?rest_route=\/wp\/v2\/posts\/106603\/revisions"}],"wp:featuredmedia":[{"embeddable":true,"href":"https:\/\/diarioregionaldigital.com.br\/index.php?rest_route=\/wp\/v2\/media\/106145"}],"wp:attachment":[{"href":"https:\/\/diarioregionaldigital.com.br\/index.php?rest_route=%2Fwp%2Fv2%2Fmedia&parent=106603"}],"wp:term":[{"taxonomy":"category","embeddable":true,"href":"https:\/\/diarioregionaldigital.com.br\/index.php?rest_route=%2Fwp%2Fv2%2Fcategories&post=106603"},{"taxonomy":"post_tag","embeddable":true,"href":"https:\/\/diarioregionaldigital.com.br\/index.php?rest_route=%2Fwp%2Fv2%2Ftags&post=106603"}],"curies":[{"name":"wp","href":"https:\/\/api.w.org\/{rel}","templated":true}]}}