{"id":106600,"date":"2018-06-02T13:11:58","date_gmt":"2018-06-02T16:11:58","guid":{"rendered":"http:\/\/diarioregionaljf.com.br\/?p=106600"},"modified":"2018-06-02T13:11:58","modified_gmt":"2018-06-02T16:11:58","slug":"populares-detem-autor-de-assalto-em-leopoldina-ate-a-chegada-da-policia-militar","status":"publish","type":"post","link":"https:\/\/diarioregionaldigital.com.br\/?p=106600","title":{"rendered":"Populares det\u00eam autor de assalto em Leopoldina at\u00e9 a chegada da Pol\u00edcia Militar"},"content":{"rendered":"<p>Uma loja de telefonia celular localizada na Rua Presidente Carlos Luz foi alvo de um assalto no in\u00edcio da tarde dessa sexta-feira, 1\u00ba de junho, no Centro de Leopoldina.<\/p>\n<p>De acordo com as informa\u00e7\u00f5es, um indiv\u00edduo de 39 anos, entrou no local e anunciou o assalto. Testemunhas relataram \u00e0 Pol\u00edcia Militar (PM) que o criminoso entrou no estabelecimento informando que estaria armado e queria a chave da vitrine, al\u00e9m de todos os celulares e dinheiro. Em seguida, de acordo com os relatos, ele ordenou que os clientes deixassem os seus aparelhos celulares em cima do balc\u00e3o e se dirigissem para o banheiro da loja. Uma vendedora percebeu que o indiv\u00edduo simulava a arma com uma garrafa de pl\u00e1stico na cintura e tentou segurar o autor no momento em que ele se retirava do estabelecimento. Na fuga, ele foi detido por populares na Rua Ribeiro Junqueira at\u00e9 a chegada r\u00e1pida da PM que fazia patrulhamento preventivo atrav\u00e9s da\u00a0<u>Rede de Com\u00e9rcio Protegido<\/u>\u00a0de Leopoldina.<\/p>\n<p>Segundo a PM, o homem possui v\u00e1rias passagens criminais e \u00e9 suspeito de furtar nessa quarta-feira, 30 de maio, cerca de cinco perfumes, um celular e R$270 de um com\u00e9rcio localizado na Rua Jos\u00e9 Peres, no Centro da cidade.<\/p>\n<p>O autor confessou a a\u00e7\u00e3o e foi preso em flagrante pelos policiais. Os aparelhos celulares foram recuperados juntamente com a quantia de R$72 e uma bicicleta.\u00a0 Ele foi encaminhado para a Delegacia de Pol\u00edcia Civil de Leopoldina onde teve o flagrante ratificado.<\/p>\n<p>&nbsp;<\/p>\n<p>Fonte: O Vigilante Online<\/p>\n","protected":false},"excerpt":{"rendered":"<p>Uma loja de telefonia celular localizada na Rua Presidente Carlos Luz foi alvo de um assalto no in\u00edcio da tarde dessa sexta-feira, 1\u00ba de junho, no Centro de Leopoldina. De acordo com as informa\u00e7\u00f5es, um indiv\u00edduo de 39 anos, entrou no local e anunciou o assalto. Testemunhas relataram \u00e0 Pol\u00edcia Militar (PM) que o criminoso [&hellip;]<\/p>\n","protected":false},"author":96,"featured_media":106601,"comment_status":"closed","ping_status":"closed","sticky":false,"template":"","format":"standard","meta":{"footnotes":""},"categories":[252,439],"tags":[],"class_list":["post-106600","post","type-post","status-publish","format-standard","has-post-thumbnail","hentry","category-regiao","category-ultima-hora"],"_links":{"self":[{"href":"https:\/\/diarioregionaldigital.com.br\/index.php?rest_route=\/wp\/v2\/posts\/106600","targetHints":{"allow":["GET"]}}],"collection":[{"href":"https:\/\/diarioregionaldigital.com.br\/index.php?rest_route=\/wp\/v2\/posts"}],"about":[{"href":"https:\/\/diarioregionaldigital.com.br\/index.php?rest_route=\/wp\/v2\/types\/post"}],"author":[{"embeddable":true,"href":"https:\/\/diarioregionaldigital.com.br\/index.php?rest_route=\/wp\/v2\/users\/96"}],"replies":[{"embeddable":true,"href":"https:\/\/diarioregionaldigital.com.br\/index.php?rest_route=%2Fwp%2Fv2%2Fcomments&post=106600"}],"version-history":[{"count":0,"href":"https:\/\/diarioregionaldigital.com.br\/index.php?rest_route=\/wp\/v2\/posts\/106600\/revisions"}],"wp:featuredmedia":[{"embeddable":true,"href":"https:\/\/diarioregionaldigital.com.br\/index.php?rest_route=\/wp\/v2\/media\/106601"}],"wp:attachment":[{"href":"https:\/\/diarioregionaldigital.com.br\/index.php?rest_route=%2Fwp%2Fv2%2Fmedia&parent=106600"}],"wp:term":[{"taxonomy":"category","embeddable":true,"href":"https:\/\/diarioregionaldigital.com.br\/index.php?rest_route=%2Fwp%2Fv2%2Fcategories&post=106600"},{"taxonomy":"post_tag","embeddable":true,"href":"https:\/\/diarioregionaldigital.com.br\/index.php?rest_route=%2Fwp%2Fv2%2Ftags&post=106600"}],"curies":[{"name":"wp","href":"https:\/\/api.w.org\/{rel}","templated":true}]}}