{"id":106597,"date":"2018-06-02T13:06:16","date_gmt":"2018-06-02T16:06:16","guid":{"rendered":"http:\/\/diarioregionaljf.com.br\/?p=106597"},"modified":"2018-06-02T13:06:16","modified_gmt":"2018-06-02T16:06:16","slug":"carreta-que-transportava-paletes-tomba-e-pega-fogo-na-br-116-entre-laranjal-e-muriae","status":"publish","type":"post","link":"https:\/\/diarioregionaldigital.com.br\/?p=106597","title":{"rendered":"Carreta que transportava paletes tomba e pega fogo na BR-116 entre Laranjal e Muria\u00e9"},"content":{"rendered":"<p>Uma carreta que transportava paletes de madeira tombou e pegou fogo na manh\u00e3 desse s\u00e1bado, 2, na BR-116, pr\u00f3ximo ao distrito de Bom Jesus da Cachoeira, em Muria\u00e9. De acordo com a Pol\u00edcia Rodovi\u00e1ria Federal, o condutor seguia sozinho sentido Leopoldina e sofreu apenas ferimentos leves.<\/p>\n<p>Os bombeiros militares atenderam a ocorr\u00eancia e conseguiram conter as chamas que destru\u00edram o cavalo mec\u00e2nico. O motorista da carreta foi socorrido com escoria\u00e7\u00f5es por uma equipe do Servi\u00e7o de Atendimento M\u00f3vel de Urg\u00eancia. A pista ficou interditada durante os trabalhos dos militares do Corpo de Bombeiros de Muria\u00e9 e depois foi parcialmente liberada pela Pol\u00edcia Rodovi\u00e1ria Federal.<\/p>\n<p>As causas do acidente n\u00e3o foram informadas.<\/p>\n<p>&nbsp;<\/p>\n<p>Fonte: O Vigilante Online<\/p>\n","protected":false},"excerpt":{"rendered":"<p>Uma carreta que transportava paletes de madeira tombou e pegou fogo na manh\u00e3 desse s\u00e1bado, 2, na BR-116, pr\u00f3ximo ao distrito de Bom Jesus da Cachoeira, em Muria\u00e9. De acordo com a Pol\u00edcia Rodovi\u00e1ria Federal, o condutor seguia sozinho sentido Leopoldina e sofreu apenas ferimentos leves. Os bombeiros militares atenderam a ocorr\u00eancia e conseguiram conter [&hellip;]<\/p>\n","protected":false},"author":96,"featured_media":106598,"comment_status":"closed","ping_status":"closed","sticky":false,"template":"","format":"standard","meta":{"footnotes":""},"categories":[440,252,439],"tags":[],"class_list":["post-106597","post","type-post","status-publish","format-standard","has-post-thumbnail","hentry","category-destaques-do-dia","category-regiao","category-ultima-hora"],"_links":{"self":[{"href":"https:\/\/diarioregionaldigital.com.br\/index.php?rest_route=\/wp\/v2\/posts\/106597","targetHints":{"allow":["GET"]}}],"collection":[{"href":"https:\/\/diarioregionaldigital.com.br\/index.php?rest_route=\/wp\/v2\/posts"}],"about":[{"href":"https:\/\/diarioregionaldigital.com.br\/index.php?rest_route=\/wp\/v2\/types\/post"}],"author":[{"embeddable":true,"href":"https:\/\/diarioregionaldigital.com.br\/index.php?rest_route=\/wp\/v2\/users\/96"}],"replies":[{"embeddable":true,"href":"https:\/\/diarioregionaldigital.com.br\/index.php?rest_route=%2Fwp%2Fv2%2Fcomments&post=106597"}],"version-history":[{"count":0,"href":"https:\/\/diarioregionaldigital.com.br\/index.php?rest_route=\/wp\/v2\/posts\/106597\/revisions"}],"wp:featuredmedia":[{"embeddable":true,"href":"https:\/\/diarioregionaldigital.com.br\/index.php?rest_route=\/wp\/v2\/media\/106598"}],"wp:attachment":[{"href":"https:\/\/diarioregionaldigital.com.br\/index.php?rest_route=%2Fwp%2Fv2%2Fmedia&parent=106597"}],"wp:term":[{"taxonomy":"category","embeddable":true,"href":"https:\/\/diarioregionaldigital.com.br\/index.php?rest_route=%2Fwp%2Fv2%2Fcategories&post=106597"},{"taxonomy":"post_tag","embeddable":true,"href":"https:\/\/diarioregionaldigital.com.br\/index.php?rest_route=%2Fwp%2Fv2%2Ftags&post=106597"}],"curies":[{"name":"wp","href":"https:\/\/api.w.org\/{rel}","templated":true}]}}