{"id":106586,"date":"2018-06-02T12:20:15","date_gmt":"2018-06-02T15:20:15","guid":{"rendered":"http:\/\/diarioregionaljf.com.br\/?p=106586"},"modified":"2018-06-02T13:29:47","modified_gmt":"2018-06-02T16:29:47","slug":"temer-confirma-nome-de-ivan-monteiro-como-novo-presidente-da-petrobras","status":"publish","type":"post","link":"https:\/\/diarioregionaldigital.com.br\/?p=106586","title":{"rendered":"Temer confirma nome de Ivan Monteiro como novo presidente da Petrobras"},"content":{"rendered":"<p>O presidente Michel Temer confirmou o nome de Ivan Monteiro para ser recomendado como presidente efetivo da Petrobras. Ele falou \u00e0 imprensa na noite dessa sexta-feira, 1\u00ba de junho, ap\u00f3s reunir-se com Monteiro\u00a0no Pal\u00e1cio do Planalto. Temer aguardou a decis\u00e3o do\u00a0Conselho de Administra\u00e7\u00e3o da Petrobras, que indicou o diretor financeiro da estatal para ocupar interinamente o cargo.<\/p>\n<p>\u201cComunico que o escolhido como interino, Ivan Monteiro, ser\u00e1 recomendado ao Conselho de Administra\u00e7\u00e3o para ser efetivado na presid\u00eancia da Petrobras\u201d, disse.<\/p>\n<p>Em r\u00e1pido pronunciamento, o presidente tamb\u00e9m reafirmou o apoio \u00e0 pol\u00edtica de pre\u00e7os praticada pela empresa, que segue os pre\u00e7os internacionais do barril de petr\u00f3leo para precificar seus produtos.<\/p>\n<p>\u201cReafirmo que meu governo mant\u00e9m o compromisso com a recupera\u00e7\u00e3o e a sa\u00fade financeira da companhia. Continuaremos com a pol\u00edtica econ\u00f4mica que nesses dois anos tirou a empresa do preju\u00edzo e a trouxe para o rol das mais respeitadas do Brasil e do exterior. Declaro tamb\u00e9m que n\u00e3o haver\u00e1 qualquer interfer\u00eancia na pol\u00edtica de pre\u00e7os na companhia\u201d.<\/p>\n<p>Monteiro ocupava at\u00e9 ent\u00e3o a dire\u00e7\u00e3o executiva\u00a0da \u00c1rea Financeira e de Relacionamento com Investidores da Petrobras.\u00a0A troca ocorre ap\u00f3s a decis\u00e3o de\u00a0Pedro Parente\u00a0em deixar o comando da estatal,\u00a0anunciada no final da manh\u00e3 de ontem.<\/p>\n<p>&nbsp;<\/p>\n<p>Fonte: Ag\u00eancia Brasil<\/p>\n","protected":false},"excerpt":{"rendered":"<p>O presidente Michel Temer confirmou o nome de Ivan Monteiro para ser recomendado como presidente efetivo da Petrobras. Ele falou \u00e0 imprensa na noite dessa sexta-feira, 1\u00ba de junho, ap\u00f3s reunir-se com Monteiro\u00a0no Pal\u00e1cio do Planalto. Temer aguardou a decis\u00e3o do\u00a0Conselho de Administra\u00e7\u00e3o da Petrobras, que indicou o diretor financeiro da estatal para ocupar interinamente [&hellip;]<\/p>\n","protected":false},"author":96,"featured_media":106587,"comment_status":"closed","ping_status":"closed","sticky":false,"template":"","format":"standard","meta":{"footnotes":""},"categories":[302],"tags":[],"class_list":["post-106586","post","type-post","status-publish","format-standard","has-post-thumbnail","hentry","category-brasil-mundo"],"_links":{"self":[{"href":"https:\/\/diarioregionaldigital.com.br\/index.php?rest_route=\/wp\/v2\/posts\/106586","targetHints":{"allow":["GET"]}}],"collection":[{"href":"https:\/\/diarioregionaldigital.com.br\/index.php?rest_route=\/wp\/v2\/posts"}],"about":[{"href":"https:\/\/diarioregionaldigital.com.br\/index.php?rest_route=\/wp\/v2\/types\/post"}],"author":[{"embeddable":true,"href":"https:\/\/diarioregionaldigital.com.br\/index.php?rest_route=\/wp\/v2\/users\/96"}],"replies":[{"embeddable":true,"href":"https:\/\/diarioregionaldigital.com.br\/index.php?rest_route=%2Fwp%2Fv2%2Fcomments&post=106586"}],"version-history":[{"count":0,"href":"https:\/\/diarioregionaldigital.com.br\/index.php?rest_route=\/wp\/v2\/posts\/106586\/revisions"}],"wp:featuredmedia":[{"embeddable":true,"href":"https:\/\/diarioregionaldigital.com.br\/index.php?rest_route=\/wp\/v2\/media\/106587"}],"wp:attachment":[{"href":"https:\/\/diarioregionaldigital.com.br\/index.php?rest_route=%2Fwp%2Fv2%2Fmedia&parent=106586"}],"wp:term":[{"taxonomy":"category","embeddable":true,"href":"https:\/\/diarioregionaldigital.com.br\/index.php?rest_route=%2Fwp%2Fv2%2Fcategories&post=106586"},{"taxonomy":"post_tag","embeddable":true,"href":"https:\/\/diarioregionaldigital.com.br\/index.php?rest_route=%2Fwp%2Fv2%2Ftags&post=106586"}],"curies":[{"name":"wp","href":"https:\/\/api.w.org\/{rel}","templated":true}]}}