{"id":106584,"date":"2018-06-02T11:32:39","date_gmt":"2018-06-02T14:32:39","guid":{"rendered":"http:\/\/diarioregionaljf.com.br\/?p=106584"},"modified":"2018-06-02T11:32:39","modified_gmt":"2018-06-02T14:32:39","slug":"onibus-e-assaltado-e-dupla-leva-r400","status":"publish","type":"post","link":"https:\/\/diarioregionaldigital.com.br\/?p=106584","title":{"rendered":"\u00d4nibus \u00e9 assaltado e dupla leva R$400"},"content":{"rendered":"<p>Um coletivo que faz a linha Amazonas foi assaltado na Rua Ivan Batista de Oliveira, localizada no bairro Milho Branco, zona Norte, na noite dessa sexta-feira, 1\u00ba de junho. O motorista relatou aos policiais que parou o ve\u00edculo na via para que dois passageiros pudessem embarcar e neste momento, um homem colocou um fac\u00e3o em seu pesco\u00e7o, anunciou o assalto e roubou o seu celular.<\/p>\n<p>O segundo autor entrou no \u00f4nibus e, de posse de uma arma de fogo, roubou R$400 e o celular do cobrador. Em seguida, os homens fugiram.<\/p>\n","protected":false},"excerpt":{"rendered":"<p>Um coletivo que faz a linha Amazonas foi assaltado na Rua Ivan Batista de Oliveira, localizada no bairro Milho Branco, zona Norte, na noite dessa sexta-feira, 1\u00ba de junho. O motorista relatou aos policiais que parou o ve\u00edculo na via para que dois passageiros pudessem embarcar e neste momento, um homem colocou um fac\u00e3o em [&hellip;]<\/p>\n","protected":false},"author":96,"featured_media":95836,"comment_status":"closed","ping_status":"closed","sticky":false,"template":"","format":"standard","meta":{"footnotes":""},"categories":[301,439],"tags":[],"class_list":["post-106584","post","type-post","status-publish","format-standard","has-post-thumbnail","hentry","category-artigos-policiais","category-ultima-hora"],"_links":{"self":[{"href":"https:\/\/diarioregionaldigital.com.br\/index.php?rest_route=\/wp\/v2\/posts\/106584","targetHints":{"allow":["GET"]}}],"collection":[{"href":"https:\/\/diarioregionaldigital.com.br\/index.php?rest_route=\/wp\/v2\/posts"}],"about":[{"href":"https:\/\/diarioregionaldigital.com.br\/index.php?rest_route=\/wp\/v2\/types\/post"}],"author":[{"embeddable":true,"href":"https:\/\/diarioregionaldigital.com.br\/index.php?rest_route=\/wp\/v2\/users\/96"}],"replies":[{"embeddable":true,"href":"https:\/\/diarioregionaldigital.com.br\/index.php?rest_route=%2Fwp%2Fv2%2Fcomments&post=106584"}],"version-history":[{"count":0,"href":"https:\/\/diarioregionaldigital.com.br\/index.php?rest_route=\/wp\/v2\/posts\/106584\/revisions"}],"wp:featuredmedia":[{"embeddable":true,"href":"https:\/\/diarioregionaldigital.com.br\/index.php?rest_route=\/wp\/v2\/media\/95836"}],"wp:attachment":[{"href":"https:\/\/diarioregionaldigital.com.br\/index.php?rest_route=%2Fwp%2Fv2%2Fmedia&parent=106584"}],"wp:term":[{"taxonomy":"category","embeddable":true,"href":"https:\/\/diarioregionaldigital.com.br\/index.php?rest_route=%2Fwp%2Fv2%2Fcategories&post=106584"},{"taxonomy":"post_tag","embeddable":true,"href":"https:\/\/diarioregionaldigital.com.br\/index.php?rest_route=%2Fwp%2Fv2%2Ftags&post=106584"}],"curies":[{"name":"wp","href":"https:\/\/api.w.org\/{rel}","templated":true}]}}