{"id":106581,"date":"2018-06-02T10:44:10","date_gmt":"2018-06-02T13:44:10","guid":{"rendered":"http:\/\/diarioregionaljf.com.br\/?p=106581"},"modified":"2018-06-02T10:45:49","modified_gmt":"2018-06-02T13:45:49","slug":"homens-sao-baleados-e-seguem-internados-em-estado-grave","status":"publish","type":"post","link":"https:\/\/diarioregionaldigital.com.br\/?p=106581","title":{"rendered":"Homens s\u00e3o baleados e seguem internados em estado grave"},"content":{"rendered":"<p>Tr\u00eas homens de 26,30 e 32 anos foram v\u00edtimas de uma tentativa de homic\u00eddio na noite dessa sexta-feira, 1\u00ba de junho, na Rua Marciano Pinto, situada no bairro Sagrado Cora\u00e7\u00e3o de Jesus, zona Sul. De acordo com o registro da ocorr\u00eancia, a prima da v\u00edtima de 26 anos relatou aos militares que v\u00e1rios indiv\u00edduos, vindos do condom\u00ednio Arauc\u00e1rias, efetuaram v\u00e1rios disparos de arma de fogo, que atingiram os tr\u00eas homens.<\/p>\n<p>O Samu foi acionado, por\u00e9m populares socorreram duas v\u00edtimas enquanto o homem de 26 anos continuou ca\u00eddo no ch\u00e3o aguardando o resgate. Os policiais prestaram os primeiros socorros a ele, controlando o sangramento e o conduzido ao Hospital de Pronto Socorro (HPS). A v\u00edtima foi atendida e constado um ferimento na regi\u00e3o da cabe\u00e7a e outro nas costas.<\/p>\n<p>Em seguida, uma ambul\u00e2ncia do Samu chegou no hospital, conduzindo a v\u00edtima de 32 anos, que possu\u00eda dois ferimentos, um no ombro esquerdo e outro nas costas. Ela narrou que estava com as outras v\u00edtimas conversando, quando dois homens aproximaram, vestidos com japonas camufladas do ex\u00e9rcito brasileiro, cal\u00e7a e um deles com t\u00eanis vermelho, com toucas ninja cobrindo o rosto. Cada um dos suspeitos sacou um rev\u00f3lver e\u00a0 eles realizaram cerca de doze disparos em dire\u00e7\u00e3o as v\u00edtimas e depois fugiram. O homem tamb\u00e9m contou que v\u00edtima, 26 anos, teria problemas com dois traficantes.<\/p>\n<p>Os policiais foram at\u00e9 o condom\u00ednio Arauc\u00e1rias e localizaram os jovens de 18 e 20 anos, suspeitos da autoria do crime, por\u00e9m eles n\u00e3o foram detidos porque conseguiram fugir. Na fuga, os autores deixaram para tr\u00e1s uma mochila contendo pe\u00e7as de roupas que correspondiam com as narradas pela v\u00edtima.<\/p>\n<p>A terceira v\u00edtima, 30 anos, foi internada no Hospital e Maternidade Therezinha de Jesus, sendo constatado um ferimento no abd\u00f4men. Todas as v\u00edtimas permanecem internadas em estado grave.<\/p>\n<p>&nbsp;<\/p>\n<p>DEN\u00daNCIA<\/p>\n<p>A Pol\u00edcia Militar (PM) foi at\u00e9 o local porque recebeu uma den\u00fancia de que homem de 26 anos estaria armado com um rev\u00f3lver na via p\u00fablica, pouco antes de ser alvejado. Os militares foram at\u00e9 a resid\u00eancia dele e localizaram um rev\u00f3lver calibre 38, dez muni\u00e7\u00f5es do mesmo calibre e uma balan\u00e7a de precis\u00e3o. A ele, foi dado voz de pris\u00e3o em flagrante por posse ilegal de arma de fogo, permanecendo sob escolta da Pol\u00edcia Militar.<\/p>\n<p>&nbsp;<\/p>\n<p>&nbsp;<\/p>\n<p>&nbsp;<\/p>\n","protected":false},"excerpt":{"rendered":"<p>Tr\u00eas homens de 26,30 e 32 anos foram v\u00edtimas de uma tentativa de homic\u00eddio na noite dessa sexta-feira, 1\u00ba de junho, na Rua Marciano Pinto, situada no bairro Sagrado Cora\u00e7\u00e3o de Jesus, zona Sul. De acordo com o registro da ocorr\u00eancia, a prima da v\u00edtima de 26 anos relatou aos militares que v\u00e1rios indiv\u00edduos, vindos [&hellip;]<\/p>\n","protected":false},"author":96,"featured_media":95836,"comment_status":"closed","ping_status":"closed","sticky":false,"template":"","format":"standard","meta":{"footnotes":""},"categories":[301,439],"tags":[],"class_list":["post-106581","post","type-post","status-publish","format-standard","has-post-thumbnail","hentry","category-artigos-policiais","category-ultima-hora"],"_links":{"self":[{"href":"https:\/\/diarioregionaldigital.com.br\/index.php?rest_route=\/wp\/v2\/posts\/106581","targetHints":{"allow":["GET"]}}],"collection":[{"href":"https:\/\/diarioregionaldigital.com.br\/index.php?rest_route=\/wp\/v2\/posts"}],"about":[{"href":"https:\/\/diarioregionaldigital.com.br\/index.php?rest_route=\/wp\/v2\/types\/post"}],"author":[{"embeddable":true,"href":"https:\/\/diarioregionaldigital.com.br\/index.php?rest_route=\/wp\/v2\/users\/96"}],"replies":[{"embeddable":true,"href":"https:\/\/diarioregionaldigital.com.br\/index.php?rest_route=%2Fwp%2Fv2%2Fcomments&post=106581"}],"version-history":[{"count":0,"href":"https:\/\/diarioregionaldigital.com.br\/index.php?rest_route=\/wp\/v2\/posts\/106581\/revisions"}],"wp:featuredmedia":[{"embeddable":true,"href":"https:\/\/diarioregionaldigital.com.br\/index.php?rest_route=\/wp\/v2\/media\/95836"}],"wp:attachment":[{"href":"https:\/\/diarioregionaldigital.com.br\/index.php?rest_route=%2Fwp%2Fv2%2Fmedia&parent=106581"}],"wp:term":[{"taxonomy":"category","embeddable":true,"href":"https:\/\/diarioregionaldigital.com.br\/index.php?rest_route=%2Fwp%2Fv2%2Fcategories&post=106581"},{"taxonomy":"post_tag","embeddable":true,"href":"https:\/\/diarioregionaldigital.com.br\/index.php?rest_route=%2Fwp%2Fv2%2Ftags&post=106581"}],"curies":[{"name":"wp","href":"https:\/\/api.w.org\/{rel}","templated":true}]}}