{"id":106578,"date":"2018-06-02T10:05:51","date_gmt":"2018-06-02T13:05:51","guid":{"rendered":"http:\/\/diarioregionaljf.com.br\/?p=106578"},"modified":"2018-06-02T12:30:27","modified_gmt":"2018-06-02T15:30:27","slug":"homem-morre-apos-ser-atropelado-por-trem-no-centro-de-juiz-de-fora","status":"publish","type":"post","link":"https:\/\/diarioregionaldigital.com.br\/?p=106578","title":{"rendered":"Homem morre ap\u00f3s ser atropelado por trem no centro de Juiz de Fora"},"content":{"rendered":"<p>Um homem de aproximadamente 50 anos morreu ap\u00f3s ser atropelado por um trem na passagem de n\u00edvel entre a Rua Halfeld e Avenida Francisco Bernardino na madrugada desse s\u00e1bado, 2. Conforme o registro da ocorr\u00eancia, condutor da composi\u00e7\u00e3o f\u00e9rrea relatou aos militares que ao aproximar-se da passagem de n\u00edvel do cruzamento entre as vias, realizou os procedimentos de seguran\u00e7a, acionando o sinal sonoro e luminoso, quando a v\u00edtima atravessou a linha f\u00e9rrea repentinamente, mesmo com o guarda de servi\u00e7o no local sinalizando para que a v\u00edtima n\u00e3o atravessasse naquele momento.<\/p>\n<p>O condutor acionou o freio de emerg\u00eancia da composi\u00e7\u00e3o, mas n\u00e3o conseguiu parar a tempo de evitar o atropelamento. USA 01 compareceu ao local e constatou o \u00f3bito e o sistema Olho Vivo registrou a ocorr\u00eancia.<\/p>\n<p>O corpo da v\u00edtima, que n\u00e3o possu\u00eda nenhum documento de identifica\u00e7\u00e3o, foi encaminhado ao Instituto M\u00e9dico Legal (IML).<\/p>\n<p>&nbsp;<\/p>\n<p>&nbsp;<\/p>\n","protected":false},"excerpt":{"rendered":"<p>Um homem de aproximadamente 50 anos morreu ap\u00f3s ser atropelado por um trem na passagem de n\u00edvel entre a Rua Halfeld e Avenida Francisco Bernardino na madrugada desse s\u00e1bado, 2. Conforme o registro da ocorr\u00eancia, condutor da composi\u00e7\u00e3o f\u00e9rrea relatou aos militares que ao aproximar-se da passagem de n\u00edvel do cruzamento entre as vias, realizou [&hellip;]<\/p>\n","protected":false},"author":96,"featured_media":95836,"comment_status":"closed","ping_status":"closed","sticky":false,"template":"","format":"standard","meta":{"footnotes":""},"categories":[301,439],"tags":[],"class_list":["post-106578","post","type-post","status-publish","format-standard","has-post-thumbnail","hentry","category-artigos-policiais","category-ultima-hora"],"_links":{"self":[{"href":"https:\/\/diarioregionaldigital.com.br\/index.php?rest_route=\/wp\/v2\/posts\/106578","targetHints":{"allow":["GET"]}}],"collection":[{"href":"https:\/\/diarioregionaldigital.com.br\/index.php?rest_route=\/wp\/v2\/posts"}],"about":[{"href":"https:\/\/diarioregionaldigital.com.br\/index.php?rest_route=\/wp\/v2\/types\/post"}],"author":[{"embeddable":true,"href":"https:\/\/diarioregionaldigital.com.br\/index.php?rest_route=\/wp\/v2\/users\/96"}],"replies":[{"embeddable":true,"href":"https:\/\/diarioregionaldigital.com.br\/index.php?rest_route=%2Fwp%2Fv2%2Fcomments&post=106578"}],"version-history":[{"count":0,"href":"https:\/\/diarioregionaldigital.com.br\/index.php?rest_route=\/wp\/v2\/posts\/106578\/revisions"}],"wp:featuredmedia":[{"embeddable":true,"href":"https:\/\/diarioregionaldigital.com.br\/index.php?rest_route=\/wp\/v2\/media\/95836"}],"wp:attachment":[{"href":"https:\/\/diarioregionaldigital.com.br\/index.php?rest_route=%2Fwp%2Fv2%2Fmedia&parent=106578"}],"wp:term":[{"taxonomy":"category","embeddable":true,"href":"https:\/\/diarioregionaldigital.com.br\/index.php?rest_route=%2Fwp%2Fv2%2Fcategories&post=106578"},{"taxonomy":"post_tag","embeddable":true,"href":"https:\/\/diarioregionaldigital.com.br\/index.php?rest_route=%2Fwp%2Fv2%2Ftags&post=106578"}],"curies":[{"name":"wp","href":"https:\/\/api.w.org\/{rel}","templated":true}]}}