{"id":106574,"date":"2018-06-02T08:51:15","date_gmt":"2018-06-02T11:51:15","guid":{"rendered":"http:\/\/diarioregionaljf.com.br\/?p=106574"},"modified":"2018-06-02T08:51:15","modified_gmt":"2018-06-02T11:51:15","slug":"prf-registra-acidente-com-tres-vitimas-mortas-na-regiao-de-ressaquinha","status":"publish","type":"post","link":"https:\/\/diarioregionaldigital.com.br\/?p=106574","title":{"rendered":"PRF registra acidente com tr\u00eas v\u00edtimas mortas na regi\u00e3o de Ressaquinha"},"content":{"rendered":"<p>A equipe de plant\u00e3o da Pol\u00edcia Rodovi\u00e1ria Federal foi acionada na manh\u00e3 dessa sexta feira, 1\u00b0 de junho, para atender um acidente na BR-040, na regi\u00e3o do munic\u00edpio de Ressaquinha.<\/p>\n<p>Ao chegar ao local da ocorr\u00eancia os policiais rodovi\u00e1rios federais encontraram ca\u00eddos em um abismo, um autom\u00f3vel Ford\/Ka com placas de Ressaquinha e os corpos das tr\u00eas v\u00edtimas do acidente. \u00a0Estimativa \u00e9 de que o acidente tenha ocorrido h\u00e1 pelo menos tr\u00eas dias.<\/p>\n<p>As v\u00edtimas, duas mulheres e um homem, j\u00e1 foram identificadas. Eles n\u00e3o estavam utilizando cinto de seguran\u00e7a, motivo pelo qual os corpos foram jogados para fora do ve\u00edculo, que estava com os pneus lisos. Al\u00e9m disso, n\u00e3o foi poss\u00edvel identificar a posi\u00e7\u00e3o dos ocupantes no ve\u00edculo, nem quem conduzia.<\/p>\n<p>Conforme informa\u00e7\u00f5es da PRF, h\u00e1 uma ocorr\u00eancia registrada na Pol\u00edcia Militar (PM) de Ressaquinha alegando que as mulheres estavam desaparecidas desde o dia 27 de maio.<\/p>\n<p>Os corpos foram enviados para o Instituto M\u00e9dico Legal (IML) de Barbacena.<\/p>\n<p>&nbsp;<\/p>\n<p>Fonte: Assessoria<\/p>\n","protected":false},"excerpt":{"rendered":"<p>A equipe de plant\u00e3o da Pol\u00edcia Rodovi\u00e1ria Federal foi acionada na manh\u00e3 dessa sexta feira, 1\u00b0 de junho, para atender um acidente na BR-040, na regi\u00e3o do munic\u00edpio de Ressaquinha. Ao chegar ao local da ocorr\u00eancia os policiais rodovi\u00e1rios federais encontraram ca\u00eddos em um abismo, um autom\u00f3vel Ford\/Ka com placas de Ressaquinha e os corpos [&hellip;]<\/p>\n","protected":false},"author":96,"featured_media":106575,"comment_status":"closed","ping_status":"closed","sticky":false,"template":"","format":"standard","meta":{"footnotes":""},"categories":[252,439],"tags":[],"class_list":["post-106574","post","type-post","status-publish","format-standard","has-post-thumbnail","hentry","category-regiao","category-ultima-hora"],"_links":{"self":[{"href":"https:\/\/diarioregionaldigital.com.br\/index.php?rest_route=\/wp\/v2\/posts\/106574","targetHints":{"allow":["GET"]}}],"collection":[{"href":"https:\/\/diarioregionaldigital.com.br\/index.php?rest_route=\/wp\/v2\/posts"}],"about":[{"href":"https:\/\/diarioregionaldigital.com.br\/index.php?rest_route=\/wp\/v2\/types\/post"}],"author":[{"embeddable":true,"href":"https:\/\/diarioregionaldigital.com.br\/index.php?rest_route=\/wp\/v2\/users\/96"}],"replies":[{"embeddable":true,"href":"https:\/\/diarioregionaldigital.com.br\/index.php?rest_route=%2Fwp%2Fv2%2Fcomments&post=106574"}],"version-history":[{"count":0,"href":"https:\/\/diarioregionaldigital.com.br\/index.php?rest_route=\/wp\/v2\/posts\/106574\/revisions"}],"wp:featuredmedia":[{"embeddable":true,"href":"https:\/\/diarioregionaldigital.com.br\/index.php?rest_route=\/wp\/v2\/media\/106575"}],"wp:attachment":[{"href":"https:\/\/diarioregionaldigital.com.br\/index.php?rest_route=%2Fwp%2Fv2%2Fmedia&parent=106574"}],"wp:term":[{"taxonomy":"category","embeddable":true,"href":"https:\/\/diarioregionaldigital.com.br\/index.php?rest_route=%2Fwp%2Fv2%2Fcategories&post=106574"},{"taxonomy":"post_tag","embeddable":true,"href":"https:\/\/diarioregionaldigital.com.br\/index.php?rest_route=%2Fwp%2Fv2%2Ftags&post=106574"}],"curies":[{"name":"wp","href":"https:\/\/api.w.org\/{rel}","templated":true}]}}