{"id":106572,"date":"2018-06-02T08:29:19","date_gmt":"2018-06-02T11:29:19","guid":{"rendered":"http:\/\/diarioregionaljf.com.br\/?p=106572"},"modified":"2018-06-02T08:29:19","modified_gmt":"2018-06-02T11:29:19","slug":"prefeitura-revoga-decreto-de-situacao-de-emergencia-em-juiz-de-fora","status":"publish","type":"post","link":"https:\/\/diarioregionaldigital.com.br\/?p=106572","title":{"rendered":"Prefeitura revoga decreto de situa\u00e7\u00e3o de emerg\u00eancia em Juiz de Fora"},"content":{"rendered":"<p>A Prefeitura de Juiz de Fora (PJF) revogar\u00e1 o decreto de situa\u00e7\u00e3o de emerg\u00eancia no munic\u00edpio. A decis\u00e3o foi tomada durante reuni\u00e3o do comit\u00ea de gerenciamento de crise da PJF na tarde dessa sexta-feira, 1\u00ba de junho. A revoga\u00e7\u00e3o foi publicada no Di\u00e1rio do Munic\u00edpio deste s\u00e1bado, 2, com vig\u00eancia j\u00e1 a partir de meia-noite.<\/p>\n<p>Desta forma, a venda de combust\u00edvel nos postos acima de 20 litros volta a ser permitida a partir deste s\u00e1bado, assim como a comercializa\u00e7\u00e3o de g\u00e1s de cozinha acima de uma unidade por resid\u00eancia. O expediente de atividades da administra\u00e7\u00e3o municipal tamb\u00e9m retorna ao hor\u00e1rio normal na segunda-feira, 4, das 8h \u00e0s 18h, assim como ser\u00e3o retomadas as aulas da rede municipal e creches.<\/p>\n<p>O transporte coletivo urbano retorna \u00e0 rotina normal neste s\u00e1bado com os hor\u00e1rios habituais para este dia. A partir de segunda-feira, 100% dos \u00f4nibus estar\u00e3o circulando.<\/p>\n<p>&nbsp;<\/p>\n<p><strong>Abastecimento emergencial<\/strong><\/p>\n<p>Tr\u00eas comboios &#8211; com quase 150 carretas para reabastecimento &#8211; foram organizados pela Prefeitura de Juiz de Fora durante este per\u00edodo, em opera\u00e7\u00e3o que contou com o apoio das for\u00e7as de seguran\u00e7a realizando escoltas, com destino a Betim\/MG e Duque de Caxias\/RJ. Com os comboios foi poss\u00edvel garantir o abastecimento de postos de combust\u00edvel, distribuidoras de g\u00e1s de cozinha e de supermercados com g\u00eaneros aliment\u00edcios, que &#8211; aliados ao decreto de situa\u00e7\u00e3o de emerg\u00eancia editado pela PJF na segunda-feira, 28 &#8211; permitiram que o maior n\u00famero de cidad\u00e3os tivesse acesso aos itens.<\/p>\n<p>Na pr\u00f3xima segunda-feira, \u00e0s 15h30, o prefeito Ant\u00f4nio Almas e o comit\u00ea de gerenciamento de crise conceder\u00e3o entrevista coletiva \u00e0 imprensa, onde ser\u00e3o apresentados o balan\u00e7o do per\u00edodo e n\u00fameros do impacto da greve na economia da cidade e nos demais setores durante a vig\u00eancia do decreto.<\/p>\n<p>Fonte: Assessoria<\/p>\n","protected":false},"excerpt":{"rendered":"<p>A Prefeitura de Juiz de Fora (PJF) revogar\u00e1 o decreto de situa\u00e7\u00e3o de emerg\u00eancia no munic\u00edpio. A decis\u00e3o foi tomada durante reuni\u00e3o do comit\u00ea de gerenciamento de crise da PJF na tarde dessa sexta-feira, 1\u00ba de junho. A revoga\u00e7\u00e3o foi publicada no Di\u00e1rio do Munic\u00edpio deste s\u00e1bado, 2, com vig\u00eancia j\u00e1 a partir de meia-noite. [&hellip;]<\/p>\n","protected":false},"author":96,"featured_media":106429,"comment_status":"closed","ping_status":"closed","sticky":false,"template":"","format":"standard","meta":{"footnotes":""},"categories":[253,440,439],"tags":[],"class_list":["post-106572","post","type-post","status-publish","format-standard","has-post-thumbnail","hentry","category-cidade","category-destaques-do-dia","category-ultima-hora"],"_links":{"self":[{"href":"https:\/\/diarioregionaldigital.com.br\/index.php?rest_route=\/wp\/v2\/posts\/106572","targetHints":{"allow":["GET"]}}],"collection":[{"href":"https:\/\/diarioregionaldigital.com.br\/index.php?rest_route=\/wp\/v2\/posts"}],"about":[{"href":"https:\/\/diarioregionaldigital.com.br\/index.php?rest_route=\/wp\/v2\/types\/post"}],"author":[{"embeddable":true,"href":"https:\/\/diarioregionaldigital.com.br\/index.php?rest_route=\/wp\/v2\/users\/96"}],"replies":[{"embeddable":true,"href":"https:\/\/diarioregionaldigital.com.br\/index.php?rest_route=%2Fwp%2Fv2%2Fcomments&post=106572"}],"version-history":[{"count":0,"href":"https:\/\/diarioregionaldigital.com.br\/index.php?rest_route=\/wp\/v2\/posts\/106572\/revisions"}],"wp:featuredmedia":[{"embeddable":true,"href":"https:\/\/diarioregionaldigital.com.br\/index.php?rest_route=\/wp\/v2\/media\/106429"}],"wp:attachment":[{"href":"https:\/\/diarioregionaldigital.com.br\/index.php?rest_route=%2Fwp%2Fv2%2Fmedia&parent=106572"}],"wp:term":[{"taxonomy":"category","embeddable":true,"href":"https:\/\/diarioregionaldigital.com.br\/index.php?rest_route=%2Fwp%2Fv2%2Fcategories&post=106572"},{"taxonomy":"post_tag","embeddable":true,"href":"https:\/\/diarioregionaldigital.com.br\/index.php?rest_route=%2Fwp%2Fv2%2Ftags&post=106572"}],"curies":[{"name":"wp","href":"https:\/\/api.w.org\/{rel}","templated":true}]}}