{"id":106557,"date":"2018-06-01T11:36:51","date_gmt":"2018-06-01T14:36:51","guid":{"rendered":"http:\/\/diarioregionaljf.com.br\/?p=106557"},"modified":"2018-06-01T11:41:50","modified_gmt":"2018-06-01T14:41:50","slug":"governo-reajusta-bolsa-familia-em-567","status":"publish","type":"post","link":"https:\/\/diarioregionaldigital.com.br\/?p=106557","title":{"rendered":"Governo reajusta Bolsa Fam\u00edlia em 5,67%"},"content":{"rendered":"<p>O governo federal reajustou hoje, 1\u00ba de junho, o valor do benef\u00edcio do Bolsa Fam\u00edlia. <a href=\"http:\/\/diarioregionaljf.com.br\/2018\/05\/02\/temer-anuncia-reajuste-do-bolsa-familia\/\" target=\"_blank\" rel=\"noopener\">A medida j\u00e1 havia sido anunciada<\/a> pelo presidente Michel Temer no final de abril.<\/p>\n<p>De acordo com o Minist\u00e9rio do Desenvolvimento Social (MDS), o reajuste\u00a0\u00e9 de 5,67% no valor do benef\u00edcio m\u00e9dio. Com a altera\u00e7\u00e3o, o valor passar\u00e1 de R$177,71 para uma quantia estimada em R$187,79. O decreto foi publicado no <a href=\"http:\/\/pesquisa.in.gov.br\/imprensa\/jsp\/visualiza\/index.jsp?data=01\/06\/2018&amp;jornal=515&amp;pagina=2&amp;totalArquivos=158\" target=\"_blank\" rel=\"noopener\">Di\u00e1rio Oficial da Uni\u00e3o<\/a> desta sexta-feira.<\/p>\n<p>O reajuste autorizado para o programa \u00e9 maior que a infla\u00e7\u00e3o acumulada de julho de 2016 a mar\u00e7o de 2018, que foi 4,01%. Segundo o governo, a suplementa\u00e7\u00e3o or\u00e7ament\u00e1ria para este ano, para cumprir o reajuste, ser\u00e1 de R$684 milh\u00f5es.<\/p>\n<p>&nbsp;<\/p>\n<p><span style=\"font-size: 12pt;\"><strong>COMO FUNCIONA O PROGRAMA<\/strong><\/span><\/p>\n<p>O programa de transfer\u00eancia de renda atende fam\u00edlias em situa\u00e7\u00e3o de pobreza e de extrema pobreza, com renda familiar mensal per capita de at\u00e9 R$178 e R$89 respectivamente.<\/p>\n<p>Al\u00e9m da complementa\u00e7\u00e3o de renda, o programa garante acesso a direitos como educa\u00e7\u00e3o, sa\u00fade e assist\u00eancia social, e articula\u00e7\u00e3o com outras a\u00e7\u00f5es visando o desenvolvimento das fam\u00edlias benefici\u00e1rias.<\/p>\n<p>As fam\u00edlias interessadas em entrar no programa devem se inscrever no Cadastro \u00danico para Programas Sociais do Governo Federal. O cadastramento pode ser feito nos Centros de Refer\u00eancia de Assist\u00eancia Social (Cras) ou na gest\u00e3o municipal do Bolsa Fam\u00edlia e do Cadastro \u00danico.<\/p>\n<p>Atualmente, o programa transfere recursos a 13,7 milh\u00f5es de fam\u00edlias em todos os munic\u00edpios do Brasil.<\/p>\n<p>&nbsp;<\/p>\n<p>Fonte: Ag\u00eancia Brasil<\/p>\n","protected":false},"excerpt":{"rendered":"<p>O governo federal reajustou hoje, 1\u00ba de junho, o valor do benef\u00edcio do Bolsa Fam\u00edlia. A medida j\u00e1 havia sido anunciada pelo presidente Michel Temer no final de abril. De acordo com o Minist\u00e9rio do Desenvolvimento Social (MDS), o reajuste\u00a0\u00e9 de 5,67% no valor do benef\u00edcio m\u00e9dio. Com a altera\u00e7\u00e3o, o valor passar\u00e1 de R$177,71 [&hellip;]<\/p>\n","protected":false},"author":96,"featured_media":106558,"comment_status":"closed","ping_status":"closed","sticky":false,"template":"","format":"standard","meta":{"footnotes":""},"categories":[436,261],"tags":[],"class_list":["post-106557","post","type-post","status-publish","format-standard","has-post-thumbnail","hentry","category-destaque-da-semana","category-economia"],"_links":{"self":[{"href":"https:\/\/diarioregionaldigital.com.br\/index.php?rest_route=\/wp\/v2\/posts\/106557","targetHints":{"allow":["GET"]}}],"collection":[{"href":"https:\/\/diarioregionaldigital.com.br\/index.php?rest_route=\/wp\/v2\/posts"}],"about":[{"href":"https:\/\/diarioregionaldigital.com.br\/index.php?rest_route=\/wp\/v2\/types\/post"}],"author":[{"embeddable":true,"href":"https:\/\/diarioregionaldigital.com.br\/index.php?rest_route=\/wp\/v2\/users\/96"}],"replies":[{"embeddable":true,"href":"https:\/\/diarioregionaldigital.com.br\/index.php?rest_route=%2Fwp%2Fv2%2Fcomments&post=106557"}],"version-history":[{"count":0,"href":"https:\/\/diarioregionaldigital.com.br\/index.php?rest_route=\/wp\/v2\/posts\/106557\/revisions"}],"wp:featuredmedia":[{"embeddable":true,"href":"https:\/\/diarioregionaldigital.com.br\/index.php?rest_route=\/wp\/v2\/media\/106558"}],"wp:attachment":[{"href":"https:\/\/diarioregionaldigital.com.br\/index.php?rest_route=%2Fwp%2Fv2%2Fmedia&parent=106557"}],"wp:term":[{"taxonomy":"category","embeddable":true,"href":"https:\/\/diarioregionaldigital.com.br\/index.php?rest_route=%2Fwp%2Fv2%2Fcategories&post=106557"},{"taxonomy":"post_tag","embeddable":true,"href":"https:\/\/diarioregionaldigital.com.br\/index.php?rest_route=%2Fwp%2Fv2%2Ftags&post=106557"}],"curies":[{"name":"wp","href":"https:\/\/api.w.org\/{rel}","templated":true}]}}