{"id":106555,"date":"2018-06-01T11:29:26","date_gmt":"2018-06-01T14:29:26","guid":{"rendered":"http:\/\/diarioregionaljf.com.br\/?p=106555"},"modified":"2018-06-01T11:29:54","modified_gmt":"2018-06-01T14:29:54","slug":"rapaz-e-preso-apos-agredir-e-assaltar-mulher-no-santos-anjos","status":"publish","type":"post","link":"https:\/\/diarioregionaldigital.com.br\/?p=106555","title":{"rendered":"Rapaz \u00e9 preso ap\u00f3s agredir e assaltar mulher no Santos Anjos"},"content":{"rendered":"<p>Um rapaz de 24 anos foi detido pela Pol\u00edcia Militar (PM) ap\u00f3s agredir e assaltar uma mulher no bairro Santos Anjos, regi\u00e3o Sudeste da cidade, na tarde dessa quinta-feira, 31 de maio.<\/p>\n<p>De acordo com o registro da ocorr\u00eancia, a v\u00edtima relatou que caminhava pela Rua Bar\u00e3o de Juiz de Fora quando foi abordada pelo jovem, que portava uma faca. Ele exigiu o celular da mulher, amea\u00e7ando esfaque\u00e1-la caso n\u00e3o entregasse o aparelho.<\/p>\n<p>O assaltante chegou a pressionar a v\u00edtima junto a parede, vindo a ferir o dedo da mesma com a faca. Com medo, a mulher jogou o telefone no ch\u00e3o, momento no qual o autor pegou o referido aparelho e saiu correndo.<\/p>\n<p>Minutos ap\u00f3s o crime, um indiv\u00edduo desconhecido passou de carro e devolveu o celular da v\u00edtima. O autor foi contido por populares at\u00e9 a chegada da pol\u00edcia.<\/p>\n","protected":false},"excerpt":{"rendered":"<p>Um rapaz de 24 anos foi detido pela Pol\u00edcia Militar (PM) ap\u00f3s agredir e assaltar uma mulher no bairro Santos Anjos, regi\u00e3o Sudeste da cidade, na tarde dessa quinta-feira, 31 de maio. De acordo com o registro da ocorr\u00eancia, a v\u00edtima relatou que caminhava pela Rua Bar\u00e3o de Juiz de Fora quando foi abordada pelo [&hellip;]<\/p>\n","protected":false},"author":96,"featured_media":95836,"comment_status":"closed","ping_status":"closed","sticky":false,"template":"","format":"standard","meta":{"footnotes":""},"categories":[301,439],"tags":[],"class_list":["post-106555","post","type-post","status-publish","format-standard","has-post-thumbnail","hentry","category-artigos-policiais","category-ultima-hora"],"_links":{"self":[{"href":"https:\/\/diarioregionaldigital.com.br\/index.php?rest_route=\/wp\/v2\/posts\/106555","targetHints":{"allow":["GET"]}}],"collection":[{"href":"https:\/\/diarioregionaldigital.com.br\/index.php?rest_route=\/wp\/v2\/posts"}],"about":[{"href":"https:\/\/diarioregionaldigital.com.br\/index.php?rest_route=\/wp\/v2\/types\/post"}],"author":[{"embeddable":true,"href":"https:\/\/diarioregionaldigital.com.br\/index.php?rest_route=\/wp\/v2\/users\/96"}],"replies":[{"embeddable":true,"href":"https:\/\/diarioregionaldigital.com.br\/index.php?rest_route=%2Fwp%2Fv2%2Fcomments&post=106555"}],"version-history":[{"count":0,"href":"https:\/\/diarioregionaldigital.com.br\/index.php?rest_route=\/wp\/v2\/posts\/106555\/revisions"}],"wp:featuredmedia":[{"embeddable":true,"href":"https:\/\/diarioregionaldigital.com.br\/index.php?rest_route=\/wp\/v2\/media\/95836"}],"wp:attachment":[{"href":"https:\/\/diarioregionaldigital.com.br\/index.php?rest_route=%2Fwp%2Fv2%2Fmedia&parent=106555"}],"wp:term":[{"taxonomy":"category","embeddable":true,"href":"https:\/\/diarioregionaldigital.com.br\/index.php?rest_route=%2Fwp%2Fv2%2Fcategories&post=106555"},{"taxonomy":"post_tag","embeddable":true,"href":"https:\/\/diarioregionaldigital.com.br\/index.php?rest_route=%2Fwp%2Fv2%2Ftags&post=106555"}],"curies":[{"name":"wp","href":"https:\/\/api.w.org\/{rel}","templated":true}]}}