{"id":106550,"date":"2018-06-01T11:08:50","date_gmt":"2018-06-01T14:08:50","guid":{"rendered":"http:\/\/diarioregionaljf.com.br\/?p=106550"},"modified":"2018-06-01T11:16:33","modified_gmt":"2018-06-01T14:16:33","slug":"homem-e-suspeito-de-esfaquear-o-irmao-no-bom-jardim","status":"publish","type":"post","link":"https:\/\/diarioregionaldigital.com.br\/?p=106550","title":{"rendered":"Homem \u00e9 suspeito de esfaquear o irm\u00e3o no Bom Jardim"},"content":{"rendered":"<p>Um idoso de 65 anos foi agredido com facadas e pauladas, no bairro Bom Jardim, zona Leste da cidade, no in\u00edcio da madrugada desta sexta-feira, 1\u00ba de junho. De acordo com a Pol\u00edcia Militar (PM), o suspeito de cometer o crime \u00e9 o irm\u00e3o da v\u00edtima, de 49 anos. A tentativa de homic\u00eddio teria sido motivada por quest\u00f5es passionais, devido a um tri\u00e2ngulo amoroso envolvendo os irm\u00e3os e a mulher do autor.<\/p>\n<p>Ainda conforme a PM, ap\u00f3s as agress\u00f5es o idoso dirigiu-se por conta pr\u00f3pria a um hospital particular no bairro Cascatinha, onde permaneceu internado em observa\u00e7\u00e3o. Ele apresentava ferimentos causados por faca na cabe\u00e7a, al\u00e9m de machucados na face, causados por chutes.<\/p>\n<p>Segundo informa\u00e7\u00f5es colhidas pelos militares, a v\u00edtima estacionava seu ve\u00edculo na Rua Luiz F\u00e1vero quando o irm\u00e3o aproveitou-se de um momento de distra\u00e7\u00e3o e o agrediu. Ap\u00f3s o crime, o autor fugiu de carro, em rumo desconhecido.<\/p>\n","protected":false},"excerpt":{"rendered":"<p>Um idoso de 65 anos foi agredido com facadas e pauladas, no bairro Bom Jardim, zona Leste da cidade, no in\u00edcio da madrugada desta sexta-feira, 1\u00ba de junho. De acordo com a Pol\u00edcia Militar (PM), o suspeito de cometer o crime \u00e9 o irm\u00e3o da v\u00edtima, de 49 anos. A tentativa de homic\u00eddio teria sido [&hellip;]<\/p>\n","protected":false},"author":96,"featured_media":95836,"comment_status":"closed","ping_status":"closed","sticky":false,"template":"","format":"standard","meta":{"footnotes":""},"categories":[301,439],"tags":[],"class_list":["post-106550","post","type-post","status-publish","format-standard","has-post-thumbnail","hentry","category-artigos-policiais","category-ultima-hora"],"_links":{"self":[{"href":"https:\/\/diarioregionaldigital.com.br\/index.php?rest_route=\/wp\/v2\/posts\/106550","targetHints":{"allow":["GET"]}}],"collection":[{"href":"https:\/\/diarioregionaldigital.com.br\/index.php?rest_route=\/wp\/v2\/posts"}],"about":[{"href":"https:\/\/diarioregionaldigital.com.br\/index.php?rest_route=\/wp\/v2\/types\/post"}],"author":[{"embeddable":true,"href":"https:\/\/diarioregionaldigital.com.br\/index.php?rest_route=\/wp\/v2\/users\/96"}],"replies":[{"embeddable":true,"href":"https:\/\/diarioregionaldigital.com.br\/index.php?rest_route=%2Fwp%2Fv2%2Fcomments&post=106550"}],"version-history":[{"count":0,"href":"https:\/\/diarioregionaldigital.com.br\/index.php?rest_route=\/wp\/v2\/posts\/106550\/revisions"}],"wp:featuredmedia":[{"embeddable":true,"href":"https:\/\/diarioregionaldigital.com.br\/index.php?rest_route=\/wp\/v2\/media\/95836"}],"wp:attachment":[{"href":"https:\/\/diarioregionaldigital.com.br\/index.php?rest_route=%2Fwp%2Fv2%2Fmedia&parent=106550"}],"wp:term":[{"taxonomy":"category","embeddable":true,"href":"https:\/\/diarioregionaldigital.com.br\/index.php?rest_route=%2Fwp%2Fv2%2Fcategories&post=106550"},{"taxonomy":"post_tag","embeddable":true,"href":"https:\/\/diarioregionaldigital.com.br\/index.php?rest_route=%2Fwp%2Fv2%2Ftags&post=106550"}],"curies":[{"name":"wp","href":"https:\/\/api.w.org\/{rel}","templated":true}]}}