{"id":106546,"date":"2018-06-01T10:42:55","date_gmt":"2018-06-01T13:42:55","guid":{"rendered":"http:\/\/diarioregionaljf.com.br\/?p=106546"},"modified":"2018-06-06T11:02:41","modified_gmt":"2018-06-06T14:02:41","slug":"mulher-e-encontrada-morta-com-o-rosto-queimado-e-sinais-de-violencia","status":"publish","type":"post","link":"https:\/\/diarioregionaldigital.com.br\/?p=106546","title":{"rendered":"Mulher \u00e9 encontrada morta com o rosto queimado e sinais de viol\u00eancia"},"content":{"rendered":"<p>Uma mulher foi encontrada morta, com o rosto queimado e com sinais de viol\u00eancia no pesco\u00e7o, no bairro Aeroporto, zona Oeste de Juiz de Fora, na manh\u00e3 dessa quinta-feira, 31 de maio.<\/p>\n<p>De acordo com o boletim de ocorr\u00eancia da Pol\u00edcia Militar (PM), o corpo foi encontrado por um rapaz de 29 anos, quando o mesmo transitava pela Avenida Prefeito Mello Reis.<\/p>\n<p>Ainda conforme a PM, a v\u00edtima estava nua e pr\u00f3ximo ao corpo da mesma foi encontrada uma garrafa contendo um l\u00edquido n\u00e3o identificado.<\/p>\n<p>A mulher n\u00e3o portava documentos pessoais, n\u00e3o sendo poss\u00edvel identifica-la. Ap\u00f3s os trabalhos da per\u00edcia t\u00e9cnica, o local foi liberado.<\/p>\n","protected":false},"excerpt":{"rendered":"<p>Uma mulher foi encontrada morta, com o rosto queimado e com sinais de viol\u00eancia no pesco\u00e7o, no bairro Aeroporto, zona Oeste de Juiz de Fora, na manh\u00e3 dessa quinta-feira, 31 de maio. De acordo com o boletim de ocorr\u00eancia da Pol\u00edcia Militar (PM), o corpo foi encontrado por um rapaz de 29 anos, quando o [&hellip;]<\/p>\n","protected":false},"author":96,"featured_media":95836,"comment_status":"closed","ping_status":"closed","sticky":false,"template":"","format":"standard","meta":{"footnotes":""},"categories":[301,439],"tags":[],"class_list":["post-106546","post","type-post","status-publish","format-standard","has-post-thumbnail","hentry","category-artigos-policiais","category-ultima-hora"],"_links":{"self":[{"href":"https:\/\/diarioregionaldigital.com.br\/index.php?rest_route=\/wp\/v2\/posts\/106546","targetHints":{"allow":["GET"]}}],"collection":[{"href":"https:\/\/diarioregionaldigital.com.br\/index.php?rest_route=\/wp\/v2\/posts"}],"about":[{"href":"https:\/\/diarioregionaldigital.com.br\/index.php?rest_route=\/wp\/v2\/types\/post"}],"author":[{"embeddable":true,"href":"https:\/\/diarioregionaldigital.com.br\/index.php?rest_route=\/wp\/v2\/users\/96"}],"replies":[{"embeddable":true,"href":"https:\/\/diarioregionaldigital.com.br\/index.php?rest_route=%2Fwp%2Fv2%2Fcomments&post=106546"}],"version-history":[{"count":0,"href":"https:\/\/diarioregionaldigital.com.br\/index.php?rest_route=\/wp\/v2\/posts\/106546\/revisions"}],"wp:featuredmedia":[{"embeddable":true,"href":"https:\/\/diarioregionaldigital.com.br\/index.php?rest_route=\/wp\/v2\/media\/95836"}],"wp:attachment":[{"href":"https:\/\/diarioregionaldigital.com.br\/index.php?rest_route=%2Fwp%2Fv2%2Fmedia&parent=106546"}],"wp:term":[{"taxonomy":"category","embeddable":true,"href":"https:\/\/diarioregionaldigital.com.br\/index.php?rest_route=%2Fwp%2Fv2%2Fcategories&post=106546"},{"taxonomy":"post_tag","embeddable":true,"href":"https:\/\/diarioregionaldigital.com.br\/index.php?rest_route=%2Fwp%2Fv2%2Ftags&post=106546"}],"curies":[{"name":"wp","href":"https:\/\/api.w.org\/{rel}","templated":true}]}}