{"id":106539,"date":"2018-05-31T23:15:38","date_gmt":"2018-06-01T02:15:38","guid":{"rendered":"http:\/\/diarioregionaljf.com.br\/?p=106539"},"modified":"2018-05-31T23:16:07","modified_gmt":"2018-06-01T02:16:07","slug":"settra-altera-quadro-de-horarios-itinerario-e-ponto-final-de-linhas-de-onibus","status":"publish","type":"post","link":"https:\/\/diarioregionaldigital.com.br\/?p=106539","title":{"rendered":"Settra altera quadro de hor\u00e1rios, itiner\u00e1rio e ponto final de linhas de \u00f4nibus"},"content":{"rendered":"<p>Com objetivo de adequar o tempo de viagem das linhas, oferecendo melhor atendimento aos usu\u00e1rios do transporte coletivo, a partir desta sexta-feira, 1\u00ba de junho, a Secretaria de Transporte e Tr\u00e2nsito (Settra) da Prefeitura de Juiz de Fora (PJF) alterar\u00e1 os quadros de hor\u00e1rios de 13 linhas. Assim, o itiner\u00e1rio da 122 (Eldorado \/ Jardim de Al\u00e1) ter\u00e1 mudan\u00e7as e ponto final da 105 (Filgueiras) passar\u00e1 para a Rua Jos\u00e9 Marcelino Teixeira, 89.<\/p>\n<p>As linhas 213, 214 e 215 (Bairu\/Cruzeiro do Sul) ter\u00e3o seus hor\u00e1rios alterados nos dias \u00fateis. As 221 e 222 (Bom Pastor\/Santa Catarina) ter\u00e3o mudan\u00e7as todos os dias. A 412 (Parque Burnier) nos domingos e feriados. As modifica\u00e7\u00f5es nas 723, 725, 747 e 749 (S\u00e3o Judas Tadeu) acontecer\u00e3o somente nos dias \u00fateis. Os hor\u00e1rios das 129 (Previdenci\u00e1rios), 130 (Bandeirantes\/Alto S\u00e3o Geraldo) e 131 (Bandeirantes\/S\u00e3o Geraldo) ser\u00e3o trocados nos dias \u00fateis, s\u00e1bados e domingos. Os quadros podem ser conferidos <a href=\"https:\/\/www.pjf.mg.gov.br\/noticias\/anexo\/anexo.pdf\" target=\"_blank\" rel=\"noopener\">aqui<\/a>.<\/p>\n<p>O itiner\u00e1rio da linha 122, no sentido Centro\/bairro, ser\u00e1 realizado nas ruas Elmaia Cunha, Jos\u00e9 Nunes Leal, Nilo Vicente de Medeiros e Elmaia Cunha.<\/p>\n<p>&nbsp;<\/p>\n<p>Fonte: Assessoria<\/p>\n","protected":false},"excerpt":{"rendered":"<p>Com objetivo de adequar o tempo de viagem das linhas, oferecendo melhor atendimento aos usu\u00e1rios do transporte coletivo, a partir desta sexta-feira, 1\u00ba de junho, a Secretaria de Transporte e Tr\u00e2nsito (Settra) da Prefeitura de Juiz de Fora (PJF) alterar\u00e1 os quadros de hor\u00e1rios de 13 linhas. Assim, o itiner\u00e1rio da 122 (Eldorado \/ Jardim [&hellip;]<\/p>\n","protected":false},"author":96,"featured_media":106542,"comment_status":"closed","ping_status":"closed","sticky":false,"template":"","format":"standard","meta":{"footnotes":""},"categories":[253,436],"tags":[],"class_list":["post-106539","post","type-post","status-publish","format-standard","has-post-thumbnail","hentry","category-cidade","category-destaque-da-semana"],"_links":{"self":[{"href":"https:\/\/diarioregionaldigital.com.br\/index.php?rest_route=\/wp\/v2\/posts\/106539","targetHints":{"allow":["GET"]}}],"collection":[{"href":"https:\/\/diarioregionaldigital.com.br\/index.php?rest_route=\/wp\/v2\/posts"}],"about":[{"href":"https:\/\/diarioregionaldigital.com.br\/index.php?rest_route=\/wp\/v2\/types\/post"}],"author":[{"embeddable":true,"href":"https:\/\/diarioregionaldigital.com.br\/index.php?rest_route=\/wp\/v2\/users\/96"}],"replies":[{"embeddable":true,"href":"https:\/\/diarioregionaldigital.com.br\/index.php?rest_route=%2Fwp%2Fv2%2Fcomments&post=106539"}],"version-history":[{"count":0,"href":"https:\/\/diarioregionaldigital.com.br\/index.php?rest_route=\/wp\/v2\/posts\/106539\/revisions"}],"wp:featuredmedia":[{"embeddable":true,"href":"https:\/\/diarioregionaldigital.com.br\/index.php?rest_route=\/wp\/v2\/media\/106542"}],"wp:attachment":[{"href":"https:\/\/diarioregionaldigital.com.br\/index.php?rest_route=%2Fwp%2Fv2%2Fmedia&parent=106539"}],"wp:term":[{"taxonomy":"category","embeddable":true,"href":"https:\/\/diarioregionaldigital.com.br\/index.php?rest_route=%2Fwp%2Fv2%2Fcategories&post=106539"},{"taxonomy":"post_tag","embeddable":true,"href":"https:\/\/diarioregionaldigital.com.br\/index.php?rest_route=%2Fwp%2Fv2%2Ftags&post=106539"}],"curies":[{"name":"wp","href":"https:\/\/api.w.org\/{rel}","templated":true}]}}