{"id":106536,"date":"2018-05-31T22:56:07","date_gmt":"2018-06-01T01:56:07","guid":{"rendered":"http:\/\/diarioregionaljf.com.br\/?p=106536"},"modified":"2018-05-31T22:57:07","modified_gmt":"2018-06-01T01:57:07","slug":"circulacao-de-onibus-sera-normal-a-partir-de-sabado-em-jf","status":"publish","type":"post","link":"https:\/\/diarioregionaldigital.com.br\/?p=106536","title":{"rendered":"Circula\u00e7\u00e3o de \u00f4nibus ser\u00e1 normal a partir de s\u00e1bado em JF"},"content":{"rendered":"<p>Em nota enviada \u00e0 imprensa, a assessoria da Prefeitura de Juiz de Fora (PJF), por meio do comit\u00ea de gerenciamento de crise, informa que o funcionamento do sistema de transporte coletivo ser\u00e1 ampliado a partir desta sexta-feira, 1\u00ba de junho. A medida foi poss\u00edvel diante da melhora do abastecimento de combust\u00edveis \u00e0s empresas de \u00f4nibus da cidade. Conforme o comunicado, nesta sexta a oferta de ve\u00edculos seguir\u00e1 os hor\u00e1rios de s\u00e1bado, o que significa a circula\u00e7\u00e3o de 70% dos \u00f4nibus. \u201cNo fim de semana, a rotina de viagens seguir\u00e1 a escala normal para esses dias e, a partir de segunda-feira, 4 de junho, 100% da frota estar\u00e1 nas ruas\u201d, complementa.<\/p>\n<p>O sistema de transporte coletivo est\u00e1 funcionando com frota reduzida desde a semana passada, devido ao desabastecimento de combust\u00edveis decorrente da paralisa\u00e7\u00e3o dos caminhoneiros. A medida foi articulada junto \u00e0s empresas de \u00f4nibus como parte do plano de contingenciamento determinado pelo comit\u00ea de gerenciamento de crise da PJF. \u201cOs comboios com escolta realizados na semana e a libera\u00e7\u00e3o do tr\u00e1fego nas principais rodovias nas \u00faltimas horas regularizaram os estoques de combust\u00edveis das empresas\u201d, finaliza a nota.<\/p>\n<p>&nbsp;<\/p>\n<p>Da reda\u00e7\u00e3o\/Com informa\u00e7\u00f5es da assessoria<\/p>\n","protected":false},"excerpt":{"rendered":"<p>Em nota enviada \u00e0 imprensa, a assessoria da Prefeitura de Juiz de Fora (PJF), por meio do comit\u00ea de gerenciamento de crise, informa que o funcionamento do sistema de transporte coletivo ser\u00e1 ampliado a partir desta sexta-feira, 1\u00ba de junho. A medida foi poss\u00edvel diante da melhora do abastecimento de combust\u00edveis \u00e0s empresas de \u00f4nibus [&hellip;]<\/p>\n","protected":false},"author":96,"featured_media":106537,"comment_status":"closed","ping_status":"closed","sticky":false,"template":"","format":"standard","meta":{"footnotes":""},"categories":[253,440],"tags":[],"class_list":["post-106536","post","type-post","status-publish","format-standard","has-post-thumbnail","hentry","category-cidade","category-destaques-do-dia"],"_links":{"self":[{"href":"https:\/\/diarioregionaldigital.com.br\/index.php?rest_route=\/wp\/v2\/posts\/106536","targetHints":{"allow":["GET"]}}],"collection":[{"href":"https:\/\/diarioregionaldigital.com.br\/index.php?rest_route=\/wp\/v2\/posts"}],"about":[{"href":"https:\/\/diarioregionaldigital.com.br\/index.php?rest_route=\/wp\/v2\/types\/post"}],"author":[{"embeddable":true,"href":"https:\/\/diarioregionaldigital.com.br\/index.php?rest_route=\/wp\/v2\/users\/96"}],"replies":[{"embeddable":true,"href":"https:\/\/diarioregionaldigital.com.br\/index.php?rest_route=%2Fwp%2Fv2%2Fcomments&post=106536"}],"version-history":[{"count":0,"href":"https:\/\/diarioregionaldigital.com.br\/index.php?rest_route=\/wp\/v2\/posts\/106536\/revisions"}],"wp:featuredmedia":[{"embeddable":true,"href":"https:\/\/diarioregionaldigital.com.br\/index.php?rest_route=\/wp\/v2\/media\/106537"}],"wp:attachment":[{"href":"https:\/\/diarioregionaldigital.com.br\/index.php?rest_route=%2Fwp%2Fv2%2Fmedia&parent=106536"}],"wp:term":[{"taxonomy":"category","embeddable":true,"href":"https:\/\/diarioregionaldigital.com.br\/index.php?rest_route=%2Fwp%2Fv2%2Fcategories&post=106536"},{"taxonomy":"post_tag","embeddable":true,"href":"https:\/\/diarioregionaldigital.com.br\/index.php?rest_route=%2Fwp%2Fv2%2Ftags&post=106536"}],"curies":[{"name":"wp","href":"https:\/\/api.w.org\/{rel}","templated":true}]}}