{"id":106531,"date":"2018-05-31T22:49:08","date_gmt":"2018-06-01T01:49:08","guid":{"rendered":"http:\/\/diarioregionaljf.com.br\/?p=106531"},"modified":"2018-05-31T22:57:26","modified_gmt":"2018-06-01T01:57:26","slug":"posto-que-nao-baixar-preco-do-diesel-pode-ser-multado-e-interditado","status":"publish","type":"post","link":"https:\/\/diarioregionaldigital.com.br\/?p=106531","title":{"rendered":"Posto que n\u00e3o baixar pre\u00e7o do diesel pode ser multado e interditado"},"content":{"rendered":"<p>O governo firmar\u00e1 um acordo com a Federa\u00e7\u00e3o Nacional do Com\u00e9rcio de Combust\u00edveis e Lubrificantes (Fecombust\u00edveis) para garantir o repasse do desconto de R$0,46 no litro do \u00f3leo diesel ao consumidor.<\/p>\n<p>Em um Termo de Coopera\u00e7\u00e3o T\u00e9cnica, governo &#8211; por meio da Secretaria Nacional do Consumidor (Senacon) -, federa\u00e7\u00e3o e distribuidoras se comprometem a fazer o desconto chegar na bomba de combust\u00edvel.<\/p>\n<p>O acordo ser\u00e1 assinado nesta sexta-feira, 1\u00ba de junho, \u00e0s 11h, no Minist\u00e9rio de Minas e Energia e foi anunciado pelo ministro-chefe da Casa Civil, Eliseu Padilha, em entrevista coletiva na noite desta quinta-feira, 31 de maio, no Pal\u00e1cio do Planalto.<\/p>\n<p>Padilha destacou as puni\u00e7\u00f5es poss\u00edveis \u00e0queles que n\u00e3o repassarem o desconto: multas de at\u00e9 R$9,4 milh\u00f5es, suspens\u00e3o tempor\u00e1ria das atividades, interdi\u00e7\u00e3o dos estabelecimentos e at\u00e9 mesmo cassa\u00e7\u00e3o da licen\u00e7a.<\/p>\n<p>A fiscaliza\u00e7\u00e3o ser\u00e1 realizada pelos Procons estaduais. Caso um consumidor, ao abastecer com diesel, verificar a n\u00e3o aplica\u00e7\u00e3o do desconto, poder\u00e1 fazer a den\u00fancia ao Procon.<\/p>\n<p>Padilha informou ainda que um n\u00famero de telefone ser\u00e1 usado como canal de comunica\u00e7\u00e3o para essas den\u00fancias.<\/p>\n<p>&nbsp;<\/p>\n<p><strong><span style=\"font-size: 12pt;\">SEM CAMINH\u00d5ES PARADOS EM RODOVIAS FEDERAIS<\/span><\/strong><\/p>\n<p>De acordo com o diretor-geral da Pol\u00edcia Rodovi\u00e1ria Federal (PRF), Renato Dias, n\u00e3o existe mais nenhum ponto de aglomera\u00e7\u00e3o dos caminhoneiros nas rodovias federais. Dias fez um apelo para que os caminhoneiros fiquem atentos a lideran\u00e7as que incitam novas paralisa\u00e7\u00f5es.<\/p>\n<p>\u201cA pauta foi exaurida. O governo est\u00e1 garantindo os R$0,46 na bomba. N\u00e3o deixem que falsos l\u00edderes com interesses diversos dos interesses do caminhoneiros usem voc\u00eas para agitar e fazer baderna nas rodovias federais\u201d.<\/p>\n<p>Dias destacou que podem haver eventuais interdi\u00e7\u00f5es parciais em rodovias, mas n\u00e3o significam que se trata do mesmo movimento. De acordo com ele, a PRF lida com interdi\u00e7\u00f5es diariamente, provocadas por motivos diversos.<\/p>\n<p>&nbsp;<\/p>\n<p>Fonte: Ag\u00eancia Brasil<\/p>\n","protected":false},"excerpt":{"rendered":"<p>O governo firmar\u00e1 um acordo com a Federa\u00e7\u00e3o Nacional do Com\u00e9rcio de Combust\u00edveis e Lubrificantes (Fecombust\u00edveis) para garantir o repasse do desconto de R$0,46 no litro do \u00f3leo diesel ao consumidor. Em um Termo de Coopera\u00e7\u00e3o T\u00e9cnica, governo &#8211; por meio da Secretaria Nacional do Consumidor (Senacon) -, federa\u00e7\u00e3o e distribuidoras se comprometem a fazer [&hellip;]<\/p>\n","protected":false},"author":96,"featured_media":106534,"comment_status":"closed","ping_status":"closed","sticky":false,"template":"","format":"standard","meta":{"footnotes":""},"categories":[440,254],"tags":[],"class_list":["post-106531","post","type-post","status-publish","format-standard","has-post-thumbnail","hentry","category-destaques-do-dia","category-politica"],"_links":{"self":[{"href":"https:\/\/diarioregionaldigital.com.br\/index.php?rest_route=\/wp\/v2\/posts\/106531","targetHints":{"allow":["GET"]}}],"collection":[{"href":"https:\/\/diarioregionaldigital.com.br\/index.php?rest_route=\/wp\/v2\/posts"}],"about":[{"href":"https:\/\/diarioregionaldigital.com.br\/index.php?rest_route=\/wp\/v2\/types\/post"}],"author":[{"embeddable":true,"href":"https:\/\/diarioregionaldigital.com.br\/index.php?rest_route=\/wp\/v2\/users\/96"}],"replies":[{"embeddable":true,"href":"https:\/\/diarioregionaldigital.com.br\/index.php?rest_route=%2Fwp%2Fv2%2Fcomments&post=106531"}],"version-history":[{"count":0,"href":"https:\/\/diarioregionaldigital.com.br\/index.php?rest_route=\/wp\/v2\/posts\/106531\/revisions"}],"wp:featuredmedia":[{"embeddable":true,"href":"https:\/\/diarioregionaldigital.com.br\/index.php?rest_route=\/wp\/v2\/media\/106534"}],"wp:attachment":[{"href":"https:\/\/diarioregionaldigital.com.br\/index.php?rest_route=%2Fwp%2Fv2%2Fmedia&parent=106531"}],"wp:term":[{"taxonomy":"category","embeddable":true,"href":"https:\/\/diarioregionaldigital.com.br\/index.php?rest_route=%2Fwp%2Fv2%2Fcategories&post=106531"},{"taxonomy":"post_tag","embeddable":true,"href":"https:\/\/diarioregionaldigital.com.br\/index.php?rest_route=%2Fwp%2Fv2%2Ftags&post=106531"}],"curies":[{"name":"wp","href":"https:\/\/api.w.org\/{rel}","templated":true}]}}