{"id":106528,"date":"2018-05-31T22:40:46","date_gmt":"2018-06-01T01:40:46","guid":{"rendered":"http:\/\/diarioregionaljf.com.br\/?p=106528"},"modified":"2018-05-31T22:57:37","modified_gmt":"2018-06-01T01:57:37","slug":"governo-corta-incentivos-e-verbas-para-viabilizar-diesel-mais-barato","status":"publish","type":"post","link":"https:\/\/diarioregionaldigital.com.br\/?p=106528","title":{"rendered":"Governo corta incentivos e verbas para viabilizar diesel mais barato"},"content":{"rendered":"<p>Na tentativa de suprir as despesas oriundas do acordo com os caminhoneiros, o governo federal vai reduzir incentivos fiscais para exportadores e as ind\u00fastrias qu\u00edmica e de refrigerante, cortar recursos em praticamente todas as \u00e1reas do governo, incluindo programas, e p\u00f4r em pr\u00e1tica um programa de subven\u00e7\u00e3o econ\u00f4mica \u00e0 comercializa\u00e7\u00e3o do \u00f3leo diesel. O objetivo \u00e9 somar R$9,5 bilh\u00f5es.<\/p>\n<p>No caso dos exportadores, ser\u00e1 reduzida a al\u00edquota do Reintegra (Regime Especial de Valores Tribut\u00e1rios para as Empresas Exportadoras), programa que devolve aos exportadores parte dos impostos cobrados na cadeia de produ\u00e7\u00e3o. A ind\u00fastria qu\u00edmica e de refrigerante perder\u00e1 parte do cr\u00e9dito usado para abater de impostos.<\/p>\n<p>O programa de subven\u00e7\u00e3o econ\u00f4mica \u00e0 comercializa\u00e7\u00e3o do \u00f3leo diesel prev\u00ea reduzir o pre\u00e7o do combust\u00edvel nas refinarias em R$0,46 por litro. O governo vai subsidiar R$0,30. O restante vai ser completado por meio da redu\u00e7\u00e3o de impostos que incidem diretamente sobre o diesel, como PIS\/Cofins e a Cide, no total de R$0,16. O programa come\u00e7ou a valer a partir desta quinta-feira, 31 de maio, e segue at\u00e9 o fim do ano.<\/p>\n<p>Pelos pr\u00f3ximos 60 dias, o pre\u00e7o fixo do \u00f3leo diesel nas refinarias ser\u00e1 de, no m\u00e1ximo, R$2,03 por litro. Considerando que o pre\u00e7o de mercado poder\u00e1 ser superior, o governo vai cobrir essa diferen\u00e7a pagando at\u00e9 R$0,30 por litro de diesel \u00e0s empresas.<\/p>\n<p>Na edi\u00e7\u00e3o extra do <a href=\"http:\/\/www.imprensanacional.gov.br\/\" target=\"_blank\" rel=\"noopener\">Di\u00e1rio Oficial da Uni\u00e3o (DOU)<\/a> desta quinta, 31 de maio, tamb\u00e9m est\u00e1 publicada a lei, sancionada pelo presidente Michel Temer, que reonera a folha de pagamento de 39 setores da economia. A estimativa \u00e9 que o impacto nos cofres p\u00fablicos ser\u00e1 de R$830 milh\u00f5es. Os benef\u00edcios se estendem at\u00e9 2020.<\/p>\n<p>Tamb\u00e9m est\u00e1 na edi\u00e7\u00e3o extra a medida provis\u00f3ria que estabelece o cancelamento de dota\u00e7\u00f5es or\u00e7ament\u00e1rias em diversas \u00e1reas, como programas de fortalecimento do Sistema \u00danico de Sa\u00fade (SUS), concess\u00e3o de bolsas, reforma agr\u00e1ria, demarca\u00e7\u00e3o de terras ind\u00edgenas, seguran\u00e7a e policiamento em estradas. A informa\u00e7\u00e3o oficial \u00e9 que o cancelamento de gastos foi definido de forma pulverizada para causar baixo impacto.<\/p>\n<p>A seguir, \u00e1reas e programas que tiveram cancelados recursos para 2018, conforme decreto publicado nesta quinta-feira na edi\u00e7\u00e3o extra do Di\u00e1rio Oficial, das p\u00e1ginas 4 a 39:<\/p>\n<p>&nbsp;<\/p>\n<p>&#8211; Promo\u00e7\u00e3o dos Direitos da Juventude<\/p>\n<p>&#8211; Simplifica\u00e7\u00e3o e Integra\u00e7\u00e3o dos Servi\u00e7os P\u00fablicos (Bem Mais Simples)<\/p>\n<p>&#8211; Pol\u00edticas de Promo\u00e7\u00e3o de Igualdade e Enfrentamento \u00e0 Viol\u00eancia contra as Mulheres<\/p>\n<p>&#8211; Pesca e Agricultura<\/p>\n<p>&#8211; Assist\u00eancia T\u00e9cnica e Extens\u00e3o Rural para a Agricultura Familiar<\/p>\n<p>&#8211; Reforma Agr\u00e1ria<\/p>\n<p>&#8211; Defesa da Agropecu\u00e1ria<\/p>\n<p>&#8211; Agropecu\u00e1ria Sustent\u00e1vel<\/p>\n<p>&#8211; Ci\u00eancia, Tecnologia e Inova\u00e7\u00e3o<\/p>\n<p>&#8211; Concess\u00e3o de bolsas no \u00e2mbito do Programa de Est\u00edmulo \u00e0 Reestrutura\u00e7\u00e3o e ao Fortalecimento das Institui\u00e7\u00f5es de Ensino Superior (Proies)<\/p>\n<p>&#8211; Promo\u00e7\u00e3o e Gest\u00e3o do Com\u00e9rcio Exterior<\/p>\n<p>&#8211; Incentivo \u00e0 micro e pequena empresa<\/p>\n<p>&#8211; Memorial da Anistia Pol\u00edtica do Brasil<\/p>\n<p>&#8211; Demarca\u00e7\u00e3o de terras ind\u00edgenas e de pol\u00edticas de povos isolados<\/p>\n<p>&#8211; Pol\u00edtica e preven\u00e7\u00e3o e combate de drogas<\/p>\n<p>&#8211; Programas de geologia e minera\u00e7\u00e3o<\/p>\n<p>&#8211; Programas de energia el\u00e9trica<\/p>\n<p>&#8211; Realiza\u00e7\u00e3o de eventos no exterior por parte do Minist\u00e9rio das Rela\u00e7\u00f5es Exteriores<\/p>\n<p>&#8211; Atividades relacionadas a servi\u00e7os consulares<\/p>\n<p>&#8211; Aux\u00edlio-moradia de agentes p\u00fablicos<\/p>\n<p>&#8211; Produtos e insumos para a \u00e1rea de sa\u00fade<\/p>\n<p>&#8211; Doen\u00e7as infecciosas, sa\u00fade da mulher e de crian\u00e7as<\/p>\n<p>&#8211; Tratamentos relativos a hemoterapia e hematologia<\/p>\n<p>&#8211; Vigil\u00e2ncia sanit\u00e1ria<\/p>\n<p>&#8211; Transportes<\/p>\n<p>&#8211; Programa de riscos e desastres<\/p>\n<p>&#8211; Levantamentos geol\u00f3gicos marinhos<\/p>\n<p>&#8211; Servi\u00e7os Consulares e de Assist\u00eancia a Brasileiros no Exterior<\/p>\n<p>&#8211; Promo\u00e7\u00e3o Comercial e de Investimentos<\/p>\n<p>&#8211; Concess\u00e3o de Bolsas de Estudo a Alunos Estrangeiros, no Sistema Educacional Brasileiro<\/p>\n<p>&#8211; Indeniza\u00e7\u00f5es a Servidores Civis e Militares em Servi\u00e7o no Exterior<\/p>\n<p>&#8211; Fortalecimento do Sistema \u00danico de Sa\u00fade (SUS)<\/p>\n<p>&#8211; Transporte Aquavi\u00e1rio<\/p>\n<p>&#8211; Transporte Terrestre &#8211; Constru\u00e7\u00e3o, manuten\u00e7\u00e3o e adequa\u00e7\u00e3o de estradas<\/p>\n<p>&#8211; Avia\u00e7\u00e3o Civil &#8211; Regula\u00e7\u00e3o e Fiscaliza\u00e7\u00e3o \/ Forma\u00e7\u00e3o e Capacita\u00e7\u00e3o de Profissionais da Avia\u00e7\u00e3o Civil<\/p>\n<p>&#8211; Constru\u00e7\u00e3o, Reforma e Reaparelhamento de Aeroportos e Aer\u00f3dromos de Interesse Regional<\/p>\n<p>&#8211; Promo\u00e7\u00e3o do Trabalho Decente e Economia Solid\u00e1ria<\/p>\n<p>&#8211; Previd\u00eancia Social &#8211; Educa\u00e7\u00e3o Previdenci\u00e1ria e Financeira \/ Servi\u00e7o de Processamento de Dados de Benef\u00edcios Previdenci\u00e1rios e Gest\u00e3o da Informa\u00e7\u00e3o Corporativa na Previd\u00eancia Social<\/p>\n<p>&#8211; Moradia Digna &#8211; Apoio \u00e0 Produ\u00e7\u00e3o ou Melhoria Habitacional de Interesse Social<\/p>\n<p>&nbsp;<\/p>\n<p>Fonte: Ag\u00eancia Brasil<\/p>\n","protected":false},"excerpt":{"rendered":"<p>Na tentativa de suprir as despesas oriundas do acordo com os caminhoneiros, o governo federal vai reduzir incentivos fiscais para exportadores e as ind\u00fastrias qu\u00edmica e de refrigerante, cortar recursos em praticamente todas as \u00e1reas do governo, incluindo programas, e p\u00f4r em pr\u00e1tica um programa de subven\u00e7\u00e3o econ\u00f4mica \u00e0 comercializa\u00e7\u00e3o do \u00f3leo diesel. O objetivo [&hellip;]<\/p>\n","protected":false},"author":96,"featured_media":106529,"comment_status":"closed","ping_status":"closed","sticky":false,"template":"","format":"standard","meta":{"footnotes":""},"categories":[440,261],"tags":[],"class_list":["post-106528","post","type-post","status-publish","format-standard","has-post-thumbnail","hentry","category-destaques-do-dia","category-economia"],"_links":{"self":[{"href":"https:\/\/diarioregionaldigital.com.br\/index.php?rest_route=\/wp\/v2\/posts\/106528","targetHints":{"allow":["GET"]}}],"collection":[{"href":"https:\/\/diarioregionaldigital.com.br\/index.php?rest_route=\/wp\/v2\/posts"}],"about":[{"href":"https:\/\/diarioregionaldigital.com.br\/index.php?rest_route=\/wp\/v2\/types\/post"}],"author":[{"embeddable":true,"href":"https:\/\/diarioregionaldigital.com.br\/index.php?rest_route=\/wp\/v2\/users\/96"}],"replies":[{"embeddable":true,"href":"https:\/\/diarioregionaldigital.com.br\/index.php?rest_route=%2Fwp%2Fv2%2Fcomments&post=106528"}],"version-history":[{"count":0,"href":"https:\/\/diarioregionaldigital.com.br\/index.php?rest_route=\/wp\/v2\/posts\/106528\/revisions"}],"wp:featuredmedia":[{"embeddable":true,"href":"https:\/\/diarioregionaldigital.com.br\/index.php?rest_route=\/wp\/v2\/media\/106529"}],"wp:attachment":[{"href":"https:\/\/diarioregionaldigital.com.br\/index.php?rest_route=%2Fwp%2Fv2%2Fmedia&parent=106528"}],"wp:term":[{"taxonomy":"category","embeddable":true,"href":"https:\/\/diarioregionaldigital.com.br\/index.php?rest_route=%2Fwp%2Fv2%2Fcategories&post=106528"},{"taxonomy":"post_tag","embeddable":true,"href":"https:\/\/diarioregionaldigital.com.br\/index.php?rest_route=%2Fwp%2Fv2%2Ftags&post=106528"}],"curies":[{"name":"wp","href":"https:\/\/api.w.org\/{rel}","templated":true}]}}